{"id":2694,"date":"2021-10-30T17:32:25","date_gmt":"2021-10-30T17:32:25","guid":{"rendered":"https:\/\/uwojtusianatalerzu.pl\/?p=2694"},"modified":"2021-10-30T17:32:26","modified_gmt":"2021-10-30T17:32:26","slug":"placuszki-dyniowe-z-kasza-manna","status":"publish","type":"post","link":"https:\/\/uwojtusianatalerzu.pl\/?p=2694","title":{"rendered":"Dyniowe placuszki z kaszy manny"},"content":{"rendered":"\n<p>W sezonie jesiennym dynia w naszym domu jest zawsze, wsz\u0119dzie i pod ka\u017cd\u0105 postaci\u0105! Dzisiaj podziel\u0119 si\u0119 z Wami przepisem na najpyszniejsze placki dyniowe ! Robi\u0142am je ju\u017c kilka razy i mam wra\u017cenie, \u017ce za ka\u017cdym razem wychodz\u0105 lepsze! Figa oczywi\u015bcie niezb\u0119dna nie jest, ale zdecydowanie dodaje im uroku.<\/p>\n\n\n\n<hr class=\"wp-block-separator is-style-wide\"\/>\n\n\n\n<p>Sk\u0142adniki:<br>\u2022 2 jajka<br>\u2022 2 czubate \u0142y\u017cki puree z dyni<br>\u2022 1 i 1\/3 szklanki ma\u015blanki<br>\u2022 p\u00f3\u0142 szklanki kaszy manny<br>\u2022 3 \u0142y\u017cki m\u0105ki (pszenna, orkiszowa, pe\u0142noziarnista &#8211; wg gustu)<br>\u2022 2 \u0142y\u017cki m\u0105ki migda\u0142owej (zmielonych migda\u0142\u00f3w) &#8211; lub doda\u0107 \u0142y\u017ck\u0119 kaszy manny wi\u0119cej zamiast m\u0105ki<br>\u2022 \u0142y\u017ceczka miodu<br>\u2022 szczypta cynamonu<br>\u2022 figa (opcjonalnie)<\/p>\n\n\n\n<p>Bia\u0142ka oddziel od \u017c\u00f3\u0142tek i ubij.<br>Do \u017c\u00f3\u0142tek dodaj pozosta\u0142e sk\u0142adniki, wymieszaj i odstaw na 3-5 minut.<br>Dodaj bia\u0142ka i wymieszaj \u0142opatk\u0105 &#8211; ciasto wyjdzie g\u0119ste i puszyste!<br>Porcj\u0119 ciasta nak\u0142adaj na rozgrzan\u0105 patelni\u0119, u\u0142\u00f3\u017c plasterek figi (opcjonalnie) i przykryj pokrywk\u0105. Sma\u017c na ma\u0142ym ogniu przez kilka minut, a nast\u0119pnie odwr\u00f3\u0107 na kr\u00f3tk\u0105 chwil\u0119 (uwaga, by figa si\u0119 nie przypali\u0142a).<\/p>\n","protected":false},"excerpt":{"rendered":"<p>W sezonie jesiennym dynia w naszym domu jest zawsze, wsz\u0119dzie i pod ka\u017cd\u0105 postaci\u0105! Dzisiaj podziel\u0119 si\u0119 z Wami przepisem na najpyszniejsze&hellip;<\/p>\n","protected":false},"author":7,"featured_media":2695,"comment_status":"open","ping_status":"open","sticky":true,"template":"","format":"standard","meta":{"footnotes":""},"categories":[5,2],"tags":[94,32,36,93],"class_list":["post-2694","post","type-post","status-publish","format-standard","has-post-thumbnail","hentry","category-sniadania","category-kolacje","tag-kasza-manna","tag-placki","tag-dynia","tag-figa"],"yoast_head":"<!-- This site is optimized with the Yoast SEO plugin v25.9 - https:\/\/yoast.com\/wordpress\/plugins\/seo\/ -->\n<title>Dyniowe placuszki z kaszy manny - U Wojtusia na talerzu<\/title>\n<meta name=\"description\" content=\"W sezonie jesiennym dynia w naszym domu jest zawsze, wsz\u0119dzie i pod ka\u017cd\u0105 postaci\u0105! Dzisiaj podziel\u0119 si\u0119 z Wami przepisem na najpyszniejsze placki dyniowe ! Robi\u0142am je ju\u017c kilka razy i mam wra\u017cenie, \u017ce za ka\u017cdym razem wychodz\u0105 lepsze! Figa oczywi\u015bcie niezb\u0119dna nie jest, ale zdecydowanie dodaje im uroku.\" \/>\n<meta name=\"robots\" content=\"index, follow, max-snippet:-1, max-image-preview:large, max-video-preview:-1\" \/>\n<link rel=\"canonical\" href=\"https:\/\/uwojtusianatalerzu.pl\/?p=2694\" \/>\n<meta property=\"og:locale\" content=\"pl_PL\" \/>\n<meta property=\"og:type\" content=\"article\" \/>\n<meta property=\"og:title\" content=\"Dyniowe placuszki z kaszy manny - U Wojtusia na talerzu\" \/>\n<meta property=\"og:description\" content=\"W sezonie jesiennym dynia w naszym domu jest zawsze, wsz\u0119dzie i pod ka\u017cd\u0105 postaci\u0105! Dzisiaj podziel\u0119 si\u0119 z Wami przepisem na najpyszniejsze placki dyniowe ! Robi\u0142am je ju\u017c kilka razy i mam wra\u017cenie, \u017ce za ka\u017cdym razem wychodz\u0105 lepsze! Figa oczywi\u015bcie niezb\u0119dna nie jest, ale zdecydowanie dodaje im uroku.\" \/>\n<meta property=\"og:url\" content=\"https:\/\/uwojtusianatalerzu.pl\/?p=2694\" \/>\n<meta property=\"og:site_name\" content=\"U Wojtusia na talerzu\" \/>\n<meta property=\"article:published_time\" content=\"2021-10-30T17:32:25+00:00\" \/>\n<meta property=\"article:modified_time\" content=\"2021-10-30T17:32:26+00:00\" \/>\n<meta property=\"og:image\" content=\"https:\/\/uwojtusianatalerzu.pl\/wp-content\/uploads\/2021\/10\/IMG_4498-scaled.jpg\" \/>\n\t<meta property=\"og:image:width\" content=\"1920\" \/>\n\t<meta property=\"og:image:height\" content=\"2560\" \/>\n\t<meta property=\"og:image:type\" content=\"image\/jpeg\" \/>\n<meta name=\"author\" content=\"Michalina\" \/>\n<meta name=\"twitter:card\" content=\"summary_large_image\" \/>\n<meta name=\"twitter:label1\" content=\"Napisane przez\" \/>\n\t<meta name=\"twitter:data1\" content=\"Michalina\" \/>\n\t<meta name=\"twitter:label2\" content=\"Szacowany czas czytania\" \/>\n\t<meta name=\"twitter:data2\" content=\"1 minuta\" \/>\n<script type=\"application\/ld+json\" class=\"yoast-schema-graph\">{\"@context\":\"https:\/\/schema.org\",\"@graph\":[{\"@type\":\"WebPage\",\"@id\":\"https:\/\/uwojtusianatalerzu.pl\/?p=2694\",\"url\":\"https:\/\/uwojtusianatalerzu.pl\/?p=2694\",\"name\":\"Dyniowe placuszki z kaszy manny - U Wojtusia na talerzu\",\"isPartOf\":{\"@id\":\"https:\/\/uwojtusianatalerzu.pl\/#website\"},\"primaryImageOfPage\":{\"@id\":\"https:\/\/uwojtusianatalerzu.pl\/?p=2694#primaryimage\"},\"image\":{\"@id\":\"https:\/\/uwojtusianatalerzu.pl\/?p=2694#primaryimage\"},\"thumbnailUrl\":\"https:\/\/uwojtusianatalerzu.pl\/wp-content\/uploads\/2021\/10\/IMG_4498-scaled.jpg\",\"datePublished\":\"2021-10-30T17:32:25+00:00\",\"dateModified\":\"2021-10-30T17:32:26+00:00\",\"author\":{\"@id\":\"https:\/\/uwojtusianatalerzu.pl\/#\/schema\/person\/79e29e86eb404b8101bb20866f135de5\"},\"description\":\"W sezonie jesiennym dynia w naszym domu jest zawsze, wsz\u0119dzie i pod ka\u017cd\u0105 postaci\u0105! Dzisiaj podziel\u0119 si\u0119 z Wami przepisem na najpyszniejsze placki dyniowe ! Robi\u0142am je ju\u017c kilka razy i mam wra\u017cenie, \u017ce za ka\u017cdym razem wychodz\u0105 lepsze! Figa oczywi\u015bcie niezb\u0119dna nie jest, ale zdecydowanie dodaje im uroku.\",\"breadcrumb\":{\"@id\":\"https:\/\/uwojtusianatalerzu.pl\/?p=2694#breadcrumb\"},\"inLanguage\":\"pl-PL\",\"potentialAction\":[{\"@type\":\"ReadAction\",\"target\":[\"https:\/\/uwojtusianatalerzu.pl\/?p=2694\"]}]},{\"@type\":\"ImageObject\",\"inLanguage\":\"pl-PL\",\"@id\":\"https:\/\/uwojtusianatalerzu.pl\/?p=2694#primaryimage\",\"url\":\"https:\/\/uwojtusianatalerzu.pl\/wp-content\/uploads\/2021\/10\/IMG_4498-scaled.jpg\",\"contentUrl\":\"https:\/\/uwojtusianatalerzu.pl\/wp-content\/uploads\/2021\/10\/IMG_4498-scaled.jpg\",\"width\":1920,\"height\":2560},{\"@type\":\"BreadcrumbList\",\"@id\":\"https:\/\/uwojtusianatalerzu.pl\/?p=2694#breadcrumb\",\"itemListElement\":[{\"@type\":\"ListItem\",\"position\":1,\"name\":\"Strona g\u0142\u00f3wna\",\"item\":\"https:\/\/uwojtusianatalerzu.pl\/\"},{\"@type\":\"ListItem\",\"position\":2,\"name\":\"Dyniowe placuszki z kaszy manny\"}]},{\"@type\":\"WebSite\",\"@id\":\"https:\/\/uwojtusianatalerzu.pl\/#website\",\"url\":\"https:\/\/uwojtusianatalerzu.pl\/\",\"name\":\"U Wojtusia na talerzu\",\"description\":\"U Wojtusia na talerzu to strona po\u015bwi\u0119cona \u017cywieniu dzieci od niemowlaka do starszaka\",\"potentialAction\":[{\"@type\":\"SearchAction\",\"target\":{\"@type\":\"EntryPoint\",\"urlTemplate\":\"https:\/\/uwojtusianatalerzu.pl\/?s={search_term_string}\"},\"query-input\":{\"@type\":\"PropertyValueSpecification\",\"valueRequired\":true,\"valueName\":\"search_term_string\"}}],\"inLanguage\":\"pl-PL\"},{\"@type\":\"Person\",\"@id\":\"https:\/\/uwojtusianatalerzu.pl\/#\/schema\/person\/79e29e86eb404b8101bb20866f135de5\",\"name\":\"Michalina\",\"image\":{\"@type\":\"ImageObject\",\"inLanguage\":\"pl-PL\",\"@id\":\"https:\/\/uwojtusianatalerzu.pl\/#\/schema\/person\/image\/\",\"url\":\"https:\/\/secure.gravatar.com\/avatar\/fc8dddf00a7e5b1b397e79c56fd58fb7f474bbdb447047b345a4afedc0929a7f?s=96&d=mm&r=g\",\"contentUrl\":\"https:\/\/secure.gravatar.com\/avatar\/fc8dddf00a7e5b1b397e79c56fd58fb7f474bbdb447047b345a4afedc0929a7f?s=96&d=mm&r=g\",\"caption\":\"Michalina\"},\"url\":\"https:\/\/uwojtusianatalerzu.pl\/?author=7\"}]}<\/script>\n<!-- \/ Yoast SEO plugin. -->","yoast_head_json":{"title":"Dyniowe placuszki z kaszy manny - U Wojtusia na talerzu","description":"W sezonie jesiennym dynia w naszym domu jest zawsze, wsz\u0119dzie i pod ka\u017cd\u0105 postaci\u0105! Dzisiaj podziel\u0119 si\u0119 z Wami przepisem na najpyszniejsze placki dyniowe ! Robi\u0142am je ju\u017c kilka razy i mam wra\u017cenie, \u017ce za ka\u017cdym razem wychodz\u0105 lepsze! Figa oczywi\u015bcie niezb\u0119dna nie jest, ale zdecydowanie dodaje im uroku.","robots":{"index":"index","follow":"follow","max-snippet":"max-snippet:-1","max-image-preview":"max-image-preview:large","max-video-preview":"max-video-preview:-1"},"canonical":"https:\/\/uwojtusianatalerzu.pl\/?p=2694","og_locale":"pl_PL","og_type":"article","og_title":"Dyniowe placuszki z kaszy manny - U Wojtusia na talerzu","og_description":"W sezonie jesiennym dynia w naszym domu jest zawsze, wsz\u0119dzie i pod ka\u017cd\u0105 postaci\u0105! Dzisiaj podziel\u0119 si\u0119 z Wami przepisem na najpyszniejsze placki dyniowe ! Robi\u0142am je ju\u017c kilka razy i mam wra\u017cenie, \u017ce za ka\u017cdym razem wychodz\u0105 lepsze! Figa oczywi\u015bcie niezb\u0119dna nie jest, ale zdecydowanie dodaje im uroku.","og_url":"https:\/\/uwojtusianatalerzu.pl\/?p=2694","og_site_name":"U Wojtusia na talerzu","article_published_time":"2021-10-30T17:32:25+00:00","article_modified_time":"2021-10-30T17:32:26+00:00","og_image":[{"width":1920,"height":2560,"url":"https:\/\/uwojtusianatalerzu.pl\/wp-content\/uploads\/2021\/10\/IMG_4498-scaled.jpg","type":"image\/jpeg"}],"author":"Michalina","twitter_card":"summary_large_image","twitter_misc":{"Napisane przez":"Michalina","Szacowany czas czytania":"1 minuta"},"schema":{"@context":"https:\/\/schema.org","@graph":[{"@type":"WebPage","@id":"https:\/\/uwojtusianatalerzu.pl\/?p=2694","url":"https:\/\/uwojtusianatalerzu.pl\/?p=2694","name":"Dyniowe placuszki z kaszy manny - U Wojtusia na talerzu","isPartOf":{"@id":"https:\/\/uwojtusianatalerzu.pl\/#website"},"primaryImageOfPage":{"@id":"https:\/\/uwojtusianatalerzu.pl\/?p=2694#primaryimage"},"image":{"@id":"https:\/\/uwojtusianatalerzu.pl\/?p=2694#primaryimage"},"thumbnailUrl":"https:\/\/uwojtusianatalerzu.pl\/wp-content\/uploads\/2021\/10\/IMG_4498-scaled.jpg","datePublished":"2021-10-30T17:32:25+00:00","dateModified":"2021-10-30T17:32:26+00:00","author":{"@id":"https:\/\/uwojtusianatalerzu.pl\/#\/schema\/person\/79e29e86eb404b8101bb20866f135de5"},"description":"W sezonie jesiennym dynia w naszym domu jest zawsze, wsz\u0119dzie i pod ka\u017cd\u0105 postaci\u0105! Dzisiaj podziel\u0119 si\u0119 z Wami przepisem na najpyszniejsze placki dyniowe ! Robi\u0142am je ju\u017c kilka razy i mam wra\u017cenie, \u017ce za ka\u017cdym razem wychodz\u0105 lepsze! Figa oczywi\u015bcie niezb\u0119dna nie jest, ale zdecydowanie dodaje im uroku.","breadcrumb":{"@id":"https:\/\/uwojtusianatalerzu.pl\/?p=2694#breadcrumb"},"inLanguage":"pl-PL","potentialAction":[{"@type":"ReadAction","target":["https:\/\/uwojtusianatalerzu.pl\/?p=2694"]}]},{"@type":"ImageObject","inLanguage":"pl-PL","@id":"https:\/\/uwojtusianatalerzu.pl\/?p=2694#primaryimage","url":"https:\/\/uwojtusianatalerzu.pl\/wp-content\/uploads\/2021\/10\/IMG_4498-scaled.jpg","contentUrl":"https:\/\/uwojtusianatalerzu.pl\/wp-content\/uploads\/2021\/10\/IMG_4498-scaled.jpg","width":1920,"height":2560},{"@type":"BreadcrumbList","@id":"https:\/\/uwojtusianatalerzu.pl\/?p=2694#breadcrumb","itemListElement":[{"@type":"ListItem","position":1,"name":"Strona g\u0142\u00f3wna","item":"https:\/\/uwojtusianatalerzu.pl\/"},{"@type":"ListItem","position":2,"name":"Dyniowe placuszki z kaszy manny"}]},{"@type":"WebSite","@id":"https:\/\/uwojtusianatalerzu.pl\/#website","url":"https:\/\/uwojtusianatalerzu.pl\/","name":"U Wojtusia na talerzu","description":"U Wojtusia na talerzu to strona po\u015bwi\u0119cona \u017cywieniu dzieci od niemowlaka do starszaka","potentialAction":[{"@type":"SearchAction","target":{"@type":"EntryPoint","urlTemplate":"https:\/\/uwojtusianatalerzu.pl\/?s={search_term_string}"},"query-input":{"@type":"PropertyValueSpecification","valueRequired":true,"valueName":"search_term_string"}}],"inLanguage":"pl-PL"},{"@type":"Person","@id":"https:\/\/uwojtusianatalerzu.pl\/#\/schema\/person\/79e29e86eb404b8101bb20866f135de5","name":"Michalina","image":{"@type":"ImageObject","inLanguage":"pl-PL","@id":"https:\/\/uwojtusianatalerzu.pl\/#\/schema\/person\/image\/","url":"https:\/\/secure.gravatar.com\/avatar\/fc8dddf00a7e5b1b397e79c56fd58fb7f474bbdb447047b345a4afedc0929a7f?s=96&d=mm&r=g","contentUrl":"https:\/\/secure.gravatar.com\/avatar\/fc8dddf00a7e5b1b397e79c56fd58fb7f474bbdb447047b345a4afedc0929a7f?s=96&d=mm&r=g","caption":"Michalina"},"url":"https:\/\/uwojtusianatalerzu.pl\/?author=7"}]}},"_links":{"self":[{"href":"https:\/\/uwojtusianatalerzu.pl\/index.php?rest_route=\/wp\/v2\/posts\/2694","targetHints":{"allow":["GET"]}}],"collection":[{"href":"https:\/\/uwojtusianatalerzu.pl\/index.php?rest_route=\/wp\/v2\/posts"}],"about":[{"href":"https:\/\/uwojtusianatalerzu.pl\/index.php?rest_route=\/wp\/v2\/types\/post"}],"author":[{"embeddable":true,"href":"https:\/\/uwojtusianatalerzu.pl\/index.php?rest_route=\/wp\/v2\/users\/7"}],"replies":[{"embeddable":true,"href":"https:\/\/uwojtusianatalerzu.pl\/index.php?rest_route=%2Fwp%2Fv2%2Fcomments&post=2694"}],"version-history":[{"count":1,"href":"https:\/\/uwojtusianatalerzu.pl\/index.php?rest_route=\/wp\/v2\/posts\/2694\/revisions"}],"predecessor-version":[{"id":2696,"href":"https:\/\/uwojtusianatalerzu.pl\/index.php?rest_route=\/wp\/v2\/posts\/2694\/revisions\/2696"}],"wp:featuredmedia":[{"embeddable":true,"href":"https:\/\/uwojtusianatalerzu.pl\/index.php?rest_route=\/wp\/v2\/media\/2695"}],"wp:attachment":[{"href":"https:\/\/uwojtusianatalerzu.pl\/index.php?rest_route=%2Fwp%2Fv2%2Fmedia&parent=2694"}],"wp:term":[{"taxonomy":"category","embeddable":true,"href":"https:\/\/uwojtusianatalerzu.pl\/index.php?rest_route=%2Fwp%2Fv2%2Fcategories&post=2694"},{"taxonomy":"post_tag","embeddable":true,"href":"https:\/\/uwojtusianatalerzu.pl\/index.php?rest_route=%2Fwp%2Fv2%2Ftags&post=2694"}],"curies":[{"name":"wp","href":"https:\/\/api.w.org\/{rel}","templated":true}]}}