{"id":2688,"date":"2021-10-30T16:48:38","date_gmt":"2021-10-30T16:48:38","guid":{"rendered":"https:\/\/uwojtusianatalerzu.pl\/?p=2688"},"modified":"2021-10-30T16:48:39","modified_gmt":"2021-10-30T16:48:39","slug":"kruche-slimaki","status":"publish","type":"post","link":"https:\/\/uwojtusianatalerzu.pl\/?p=2688","title":{"rendered":"Kruche ciasteczka \u015blimaczki"},"content":{"rendered":"\n<p>Zapraszamy na pyszne kruche ciasteczka, kt\u00f3re (ostrzegam) znikaj\u0105 w 5 minut! Przygotowali\u015bmy je wczoraj z Wojtkiem, kt\u00f3ry jakby m\u00f3g\u0142 zast\u0105pi\u0142by mnie we wszystkich mo\u017cliwych kuchennych czynno\u015bciach &#8211; od gotowania, po krojenie, doprawianie i sprz\u0105tanie. My\u015blicie, \u017ce jest szansa, \u017ce jako nastolatek te\u017c b\u0119dzie taki ch\u0119tny?<\/p>\n\n\n\n<hr class=\"wp-block-separator is-style-wide\"\/>\n\n\n\n<p>Sk\u0142adniki na ok. 20 ciastek:<br>\u2022 1,5 szklanki m\u0105ki (moja ma 250 ml)<br>\u2022 130 g zimnego mas\u0142a<br>\u2022 2 jajka<br>\u2022 50 g cukru daktylowego<br>\u2022 \u0142y\u017ceczka proszku do pieczenia<\/p>\n\n\n\n<p>Ciasto kolorowe:<br>Br\u0105zowe &#8211; 2 \u0142y\u017cki kakao<br>R\u00f3\u017cowe &#8211; 2 \u0142y\u017cki malin liofilizowanych w proszku <\/p>\n\n\n\n<p>Wszystkie sk\u0142adniki ciasta (opr\u00f3cz kakao i malin) umieszczamy w misce i za pomoc\u0105 miksera lub r\u0119cznie wyrabiamy na jednolite ciasto. Dzielimy je na p\u00f3\u0142. Po\u0142ow\u0119 ciasta (zwyk\u0142ego) odk\u0142adamy do lod\u00f3wki, a po\u0142ow\u0119 dzielimy na 2 cz\u0119\u015bci. Pierwsz\u0105 \u0142\u0105czymy z kakao, a drug\u0105 z malinami. Odk\u0142adamy na chwil\u0119 do lod\u00f3wki.<\/p>\n\n\n\n<p>Jasne ciasto wyk\u0142adamy na stolnic\u0119 podsypan\u0105 m\u0105k\u0105 i rozwa\u0142kowujemy na prostok\u0105t. To samo robimy z ciastem kolorowym, a nast\u0119pnie uk\u0142adamy je na cie\u015bcie jasnym. Zwijamy w rulon i kroimy na kr\u0105\u017cki. Uk\u0142adamy na blasze i pieczemy 15 min w 175 stopniach.<\/p>\n\n\n\n<p>Pozosta\u0142e ciasto \u0142\u0105czymy ze sob\u0105, rozwa\u0142kowujemy i wycinamy kszta\u0142ty tworz\u0105c tradycyjne ciasteczka. Pieczemy 12 min w 175 st.<\/p>\n\n\n\n<p>S\u0105 pyszne! O wiele lepiej smakuj\u0105 ni\u017c wygl\u0105daj\u0105 ? <\/p>\n","protected":false},"excerpt":{"rendered":"<p>Zapraszamy na pyszne kruche ciasteczka, kt\u00f3re (ostrzegam) znikaj\u0105 w 5 minut! Przygotowali\u015bmy je wczoraj z Wojtkiem, kt\u00f3ry jakby m\u00f3g\u0142 zast\u0105pi\u0142by mnie we&hellip;<\/p>\n","protected":false},"author":7,"featured_media":2689,"comment_status":"open","ping_status":"open","sticky":true,"template":"","format":"standard","meta":{"footnotes":""},"categories":[6],"tags":[44,50,74],"class_list":["post-2688","post","type-post","status-publish","format-standard","has-post-thumbnail","hentry","category-podwieczorki-przekaski","tag-podwieczorek","tag-ciastka","tag-ciasteczka"],"yoast_head":"<!-- This site is optimized with the Yoast SEO plugin v25.9 - https:\/\/yoast.com\/wordpress\/plugins\/seo\/ -->\n<title>Kruche ciasteczka \u015blimaczki - U Wojtusia na talerzu<\/title>\n<meta name=\"description\" content=\"Zapraszamy na pyszne kruche ciasteczka, kt\u00f3re (ostrzegam) znikaj\u0105 w 5 minut! Przygotowali\u015bmy je wczoraj z Wojtkiem, kt\u00f3ry jakby m\u00f3g\u0142 zast\u0105pi\u0142by mnie we wszystkich mo\u017cliwych kuchennych czynno\u015bciach - od gotowania, po krojenie, doprawianie i sprz\u0105tanie. My\u015blicie, \u017ce jest szansa, \u017ce jako nastolatek te\u017c b\u0119dzie taki ch\u0119tny?\" \/>\n<meta name=\"robots\" content=\"index, follow, max-snippet:-1, max-image-preview:large, max-video-preview:-1\" \/>\n<link rel=\"canonical\" href=\"https:\/\/uwojtusianatalerzu.pl\/?p=2688\" \/>\n<meta property=\"og:locale\" content=\"pl_PL\" \/>\n<meta property=\"og:type\" content=\"article\" \/>\n<meta property=\"og:title\" content=\"Kruche ciasteczka \u015blimaczki - U Wojtusia na talerzu\" \/>\n<meta property=\"og:description\" content=\"Zapraszamy na pyszne kruche ciasteczka, kt\u00f3re (ostrzegam) znikaj\u0105 w 5 minut! Przygotowali\u015bmy je wczoraj z Wojtkiem, kt\u00f3ry jakby m\u00f3g\u0142 zast\u0105pi\u0142by mnie we wszystkich mo\u017cliwych kuchennych czynno\u015bciach - od gotowania, po krojenie, doprawianie i sprz\u0105tanie. My\u015blicie, \u017ce jest szansa, \u017ce jako nastolatek te\u017c b\u0119dzie taki ch\u0119tny?\" \/>\n<meta property=\"og:url\" content=\"https:\/\/uwojtusianatalerzu.pl\/?p=2688\" \/>\n<meta property=\"og:site_name\" content=\"U Wojtusia na talerzu\" \/>\n<meta property=\"article:published_time\" content=\"2021-10-30T16:48:38+00:00\" \/>\n<meta property=\"article:modified_time\" content=\"2021-10-30T16:48:39+00:00\" \/>\n<meta property=\"og:image\" content=\"https:\/\/uwojtusianatalerzu.pl\/wp-content\/uploads\/2021\/10\/IMG_5047-scaled.jpg\" \/>\n\t<meta property=\"og:image:width\" content=\"1920\" \/>\n\t<meta property=\"og:image:height\" content=\"2560\" \/>\n\t<meta property=\"og:image:type\" content=\"image\/jpeg\" \/>\n<meta name=\"author\" content=\"Michalina\" \/>\n<meta name=\"twitter:card\" content=\"summary_large_image\" \/>\n<meta name=\"twitter:label1\" content=\"Napisane przez\" \/>\n\t<meta name=\"twitter:data1\" content=\"Michalina\" \/>\n\t<meta name=\"twitter:label2\" content=\"Szacowany czas czytania\" \/>\n\t<meta name=\"twitter:data2\" content=\"1 minuta\" \/>\n<script type=\"application\/ld+json\" class=\"yoast-schema-graph\">{\"@context\":\"https:\/\/schema.org\",\"@graph\":[{\"@type\":\"WebPage\",\"@id\":\"https:\/\/uwojtusianatalerzu.pl\/?p=2688\",\"url\":\"https:\/\/uwojtusianatalerzu.pl\/?p=2688\",\"name\":\"Kruche ciasteczka \u015blimaczki - U Wojtusia na talerzu\",\"isPartOf\":{\"@id\":\"https:\/\/uwojtusianatalerzu.pl\/#website\"},\"primaryImageOfPage\":{\"@id\":\"https:\/\/uwojtusianatalerzu.pl\/?p=2688#primaryimage\"},\"image\":{\"@id\":\"https:\/\/uwojtusianatalerzu.pl\/?p=2688#primaryimage\"},\"thumbnailUrl\":\"https:\/\/uwojtusianatalerzu.pl\/wp-content\/uploads\/2021\/10\/IMG_5047-scaled.jpg\",\"datePublished\":\"2021-10-30T16:48:38+00:00\",\"dateModified\":\"2021-10-30T16:48:39+00:00\",\"author\":{\"@id\":\"https:\/\/uwojtusianatalerzu.pl\/#\/schema\/person\/79e29e86eb404b8101bb20866f135de5\"},\"description\":\"Zapraszamy na pyszne kruche ciasteczka, kt\u00f3re (ostrzegam) znikaj\u0105 w 5 minut! Przygotowali\u015bmy je wczoraj z Wojtkiem, kt\u00f3ry jakby m\u00f3g\u0142 zast\u0105pi\u0142by mnie we wszystkich mo\u017cliwych kuchennych czynno\u015bciach - od gotowania, po krojenie, doprawianie i sprz\u0105tanie. My\u015blicie, \u017ce jest szansa, \u017ce jako nastolatek te\u017c b\u0119dzie taki ch\u0119tny?\",\"breadcrumb\":{\"@id\":\"https:\/\/uwojtusianatalerzu.pl\/?p=2688#breadcrumb\"},\"inLanguage\":\"pl-PL\",\"potentialAction\":[{\"@type\":\"ReadAction\",\"target\":[\"https:\/\/uwojtusianatalerzu.pl\/?p=2688\"]}]},{\"@type\":\"ImageObject\",\"inLanguage\":\"pl-PL\",\"@id\":\"https:\/\/uwojtusianatalerzu.pl\/?p=2688#primaryimage\",\"url\":\"https:\/\/uwojtusianatalerzu.pl\/wp-content\/uploads\/2021\/10\/IMG_5047-scaled.jpg\",\"contentUrl\":\"https:\/\/uwojtusianatalerzu.pl\/wp-content\/uploads\/2021\/10\/IMG_5047-scaled.jpg\",\"width\":1920,\"height\":2560},{\"@type\":\"BreadcrumbList\",\"@id\":\"https:\/\/uwojtusianatalerzu.pl\/?p=2688#breadcrumb\",\"itemListElement\":[{\"@type\":\"ListItem\",\"position\":1,\"name\":\"Strona g\u0142\u00f3wna\",\"item\":\"https:\/\/uwojtusianatalerzu.pl\/\"},{\"@type\":\"ListItem\",\"position\":2,\"name\":\"Kruche ciasteczka \u015blimaczki\"}]},{\"@type\":\"WebSite\",\"@id\":\"https:\/\/uwojtusianatalerzu.pl\/#website\",\"url\":\"https:\/\/uwojtusianatalerzu.pl\/\",\"name\":\"U Wojtusia na talerzu\",\"description\":\"U Wojtusia na talerzu to strona po\u015bwi\u0119cona \u017cywieniu dzieci od niemowlaka do starszaka\",\"potentialAction\":[{\"@type\":\"SearchAction\",\"target\":{\"@type\":\"EntryPoint\",\"urlTemplate\":\"https:\/\/uwojtusianatalerzu.pl\/?s={search_term_string}\"},\"query-input\":{\"@type\":\"PropertyValueSpecification\",\"valueRequired\":true,\"valueName\":\"search_term_string\"}}],\"inLanguage\":\"pl-PL\"},{\"@type\":\"Person\",\"@id\":\"https:\/\/uwojtusianatalerzu.pl\/#\/schema\/person\/79e29e86eb404b8101bb20866f135de5\",\"name\":\"Michalina\",\"image\":{\"@type\":\"ImageObject\",\"inLanguage\":\"pl-PL\",\"@id\":\"https:\/\/uwojtusianatalerzu.pl\/#\/schema\/person\/image\/\",\"url\":\"https:\/\/secure.gravatar.com\/avatar\/fc8dddf00a7e5b1b397e79c56fd58fb7f474bbdb447047b345a4afedc0929a7f?s=96&d=mm&r=g\",\"contentUrl\":\"https:\/\/secure.gravatar.com\/avatar\/fc8dddf00a7e5b1b397e79c56fd58fb7f474bbdb447047b345a4afedc0929a7f?s=96&d=mm&r=g\",\"caption\":\"Michalina\"},\"url\":\"https:\/\/uwojtusianatalerzu.pl\/?author=7\"}]}<\/script>\n<!-- \/ Yoast SEO plugin. -->","yoast_head_json":{"title":"Kruche ciasteczka \u015blimaczki - U Wojtusia na talerzu","description":"Zapraszamy na pyszne kruche ciasteczka, kt\u00f3re (ostrzegam) znikaj\u0105 w 5 minut! Przygotowali\u015bmy je wczoraj z Wojtkiem, kt\u00f3ry jakby m\u00f3g\u0142 zast\u0105pi\u0142by mnie we wszystkich mo\u017cliwych kuchennych czynno\u015bciach - od gotowania, po krojenie, doprawianie i sprz\u0105tanie. My\u015blicie, \u017ce jest szansa, \u017ce jako nastolatek te\u017c b\u0119dzie taki ch\u0119tny?","robots":{"index":"index","follow":"follow","max-snippet":"max-snippet:-1","max-image-preview":"max-image-preview:large","max-video-preview":"max-video-preview:-1"},"canonical":"https:\/\/uwojtusianatalerzu.pl\/?p=2688","og_locale":"pl_PL","og_type":"article","og_title":"Kruche ciasteczka \u015blimaczki - U Wojtusia na talerzu","og_description":"Zapraszamy na pyszne kruche ciasteczka, kt\u00f3re (ostrzegam) znikaj\u0105 w 5 minut! Przygotowali\u015bmy je wczoraj z Wojtkiem, kt\u00f3ry jakby m\u00f3g\u0142 zast\u0105pi\u0142by mnie we wszystkich mo\u017cliwych kuchennych czynno\u015bciach - od gotowania, po krojenie, doprawianie i sprz\u0105tanie. My\u015blicie, \u017ce jest szansa, \u017ce jako nastolatek te\u017c b\u0119dzie taki ch\u0119tny?","og_url":"https:\/\/uwojtusianatalerzu.pl\/?p=2688","og_site_name":"U Wojtusia na talerzu","article_published_time":"2021-10-30T16:48:38+00:00","article_modified_time":"2021-10-30T16:48:39+00:00","og_image":[{"width":1920,"height":2560,"url":"https:\/\/uwojtusianatalerzu.pl\/wp-content\/uploads\/2021\/10\/IMG_5047-scaled.jpg","type":"image\/jpeg"}],"author":"Michalina","twitter_card":"summary_large_image","twitter_misc":{"Napisane przez":"Michalina","Szacowany czas czytania":"1 minuta"},"schema":{"@context":"https:\/\/schema.org","@graph":[{"@type":"WebPage","@id":"https:\/\/uwojtusianatalerzu.pl\/?p=2688","url":"https:\/\/uwojtusianatalerzu.pl\/?p=2688","name":"Kruche ciasteczka \u015blimaczki - U Wojtusia na talerzu","isPartOf":{"@id":"https:\/\/uwojtusianatalerzu.pl\/#website"},"primaryImageOfPage":{"@id":"https:\/\/uwojtusianatalerzu.pl\/?p=2688#primaryimage"},"image":{"@id":"https:\/\/uwojtusianatalerzu.pl\/?p=2688#primaryimage"},"thumbnailUrl":"https:\/\/uwojtusianatalerzu.pl\/wp-content\/uploads\/2021\/10\/IMG_5047-scaled.jpg","datePublished":"2021-10-30T16:48:38+00:00","dateModified":"2021-10-30T16:48:39+00:00","author":{"@id":"https:\/\/uwojtusianatalerzu.pl\/#\/schema\/person\/79e29e86eb404b8101bb20866f135de5"},"description":"Zapraszamy na pyszne kruche ciasteczka, kt\u00f3re (ostrzegam) znikaj\u0105 w 5 minut! Przygotowali\u015bmy je wczoraj z Wojtkiem, kt\u00f3ry jakby m\u00f3g\u0142 zast\u0105pi\u0142by mnie we wszystkich mo\u017cliwych kuchennych czynno\u015bciach - od gotowania, po krojenie, doprawianie i sprz\u0105tanie. My\u015blicie, \u017ce jest szansa, \u017ce jako nastolatek te\u017c b\u0119dzie taki ch\u0119tny?","breadcrumb":{"@id":"https:\/\/uwojtusianatalerzu.pl\/?p=2688#breadcrumb"},"inLanguage":"pl-PL","potentialAction":[{"@type":"ReadAction","target":["https:\/\/uwojtusianatalerzu.pl\/?p=2688"]}]},{"@type":"ImageObject","inLanguage":"pl-PL","@id":"https:\/\/uwojtusianatalerzu.pl\/?p=2688#primaryimage","url":"https:\/\/uwojtusianatalerzu.pl\/wp-content\/uploads\/2021\/10\/IMG_5047-scaled.jpg","contentUrl":"https:\/\/uwojtusianatalerzu.pl\/wp-content\/uploads\/2021\/10\/IMG_5047-scaled.jpg","width":1920,"height":2560},{"@type":"BreadcrumbList","@id":"https:\/\/uwojtusianatalerzu.pl\/?p=2688#breadcrumb","itemListElement":[{"@type":"ListItem","position":1,"name":"Strona g\u0142\u00f3wna","item":"https:\/\/uwojtusianatalerzu.pl\/"},{"@type":"ListItem","position":2,"name":"Kruche ciasteczka \u015blimaczki"}]},{"@type":"WebSite","@id":"https:\/\/uwojtusianatalerzu.pl\/#website","url":"https:\/\/uwojtusianatalerzu.pl\/","name":"U Wojtusia na talerzu","description":"U Wojtusia na talerzu to strona po\u015bwi\u0119cona \u017cywieniu dzieci od niemowlaka do starszaka","potentialAction":[{"@type":"SearchAction","target":{"@type":"EntryPoint","urlTemplate":"https:\/\/uwojtusianatalerzu.pl\/?s={search_term_string}"},"query-input":{"@type":"PropertyValueSpecification","valueRequired":true,"valueName":"search_term_string"}}],"inLanguage":"pl-PL"},{"@type":"Person","@id":"https:\/\/uwojtusianatalerzu.pl\/#\/schema\/person\/79e29e86eb404b8101bb20866f135de5","name":"Michalina","image":{"@type":"ImageObject","inLanguage":"pl-PL","@id":"https:\/\/uwojtusianatalerzu.pl\/#\/schema\/person\/image\/","url":"https:\/\/secure.gravatar.com\/avatar\/fc8dddf00a7e5b1b397e79c56fd58fb7f474bbdb447047b345a4afedc0929a7f?s=96&d=mm&r=g","contentUrl":"https:\/\/secure.gravatar.com\/avatar\/fc8dddf00a7e5b1b397e79c56fd58fb7f474bbdb447047b345a4afedc0929a7f?s=96&d=mm&r=g","caption":"Michalina"},"url":"https:\/\/uwojtusianatalerzu.pl\/?author=7"}]}},"_links":{"self":[{"href":"https:\/\/uwojtusianatalerzu.pl\/index.php?rest_route=\/wp\/v2\/posts\/2688","targetHints":{"allow":["GET"]}}],"collection":[{"href":"https:\/\/uwojtusianatalerzu.pl\/index.php?rest_route=\/wp\/v2\/posts"}],"about":[{"href":"https:\/\/uwojtusianatalerzu.pl\/index.php?rest_route=\/wp\/v2\/types\/post"}],"author":[{"embeddable":true,"href":"https:\/\/uwojtusianatalerzu.pl\/index.php?rest_route=\/wp\/v2\/users\/7"}],"replies":[{"embeddable":true,"href":"https:\/\/uwojtusianatalerzu.pl\/index.php?rest_route=%2Fwp%2Fv2%2Fcomments&post=2688"}],"version-history":[{"count":1,"href":"https:\/\/uwojtusianatalerzu.pl\/index.php?rest_route=\/wp\/v2\/posts\/2688\/revisions"}],"predecessor-version":[{"id":2690,"href":"https:\/\/uwojtusianatalerzu.pl\/index.php?rest_route=\/wp\/v2\/posts\/2688\/revisions\/2690"}],"wp:featuredmedia":[{"embeddable":true,"href":"https:\/\/uwojtusianatalerzu.pl\/index.php?rest_route=\/wp\/v2\/media\/2689"}],"wp:attachment":[{"href":"https:\/\/uwojtusianatalerzu.pl\/index.php?rest_route=%2Fwp%2Fv2%2Fmedia&parent=2688"}],"wp:term":[{"taxonomy":"category","embeddable":true,"href":"https:\/\/uwojtusianatalerzu.pl\/index.php?rest_route=%2Fwp%2Fv2%2Fcategories&post=2688"},{"taxonomy":"post_tag","embeddable":true,"href":"https:\/\/uwojtusianatalerzu.pl\/index.php?rest_route=%2Fwp%2Fv2%2Ftags&post=2688"}],"curies":[{"name":"wp","href":"https:\/\/api.w.org\/{rel}","templated":true}]}}