{"id":2676,"date":"2021-10-30T15:17:23","date_gmt":"2021-10-30T15:17:23","guid":{"rendered":"https:\/\/uwojtusianatalerzu.pl\/?p=2676"},"modified":"2021-10-30T15:23:16","modified_gmt":"2021-10-30T15:23:16","slug":"pasta-z-pieczonej-dyni","status":"publish","type":"post","link":"https:\/\/uwojtusianatalerzu.pl\/?p=2676","title":{"rendered":"Pasta z pieczonej dyni"},"content":{"rendered":"\n<p>Czy kanapka na \u015bniadanie lub kolacje mo\u017ce by\u0107 pe\u0142nowarto\u015bciowym posi\u0142kiem? Pewnie, ze mo\u017ce! Je\u015bli zamiast bia\u0142ego pieczywa wybierzemy ciemny chleb razowy lub \u017cytni, a zamiast klasycznego zestawu szynka\/ser si\u0119gniemy po bogat\u0105 w bia\u0142ka past\u0119 to dlaczego nie? Do tego warzywa i woda i mamy to!<\/p>\n\n\n\n<hr class=\"wp-block-separator is-style-wide\"\/>\n\n\n\n<p>Sk\u0142adniki na 1 s\u0142oiczek pasty:<br>\u2022 100 g czerwonej soczewicy<br>\u2022 2 \u0142y\u017cki puree z dyni<br>\u2022 1 ugotowana marchewka (mo\u017ce by\u0107 z roso\u0142u)<br>\u2022 p\u00f3\u0142 ma\u0142ej cebuli szalotka<br>\u2022 1 z\u0105bek czosnku<br>\u2022 p\u00f3\u0142 \u0142y\u017ceczki curry<br>\u2022 2 \u0142y\u017cki oliwy<br>\u2022 2-3 \u0142y\u017cki soku z cytryny (do smaku)<br>\u2022 p\u00f3\u0142 \u0142y\u017ceczki s\u0142odkiej papryki<br>\u2022 szczypta pieprzu<br>\u2022 opcjonalnie s\u00f3l (dla doros\u0142ych)<\/p>\n\n\n\n<p>Soczewic\u0119 przek\u0142adamy do garnuszka i gotujemy do mi\u0119kko\u015bci. Nast\u0119pnie odcedzamy i pozostawiamy na sitku do ostygni\u0119cia. Ugotowana marchewke dzielimy na p\u00f3\u0142. Polowe przek\u0142adamy do wysokiego naczynia, a druga polowe siekamy na drobno. Do naczynia z marchewka dodajemy tez soczewic\u0119, dynie, cebule, sok, oliwe, przeci\u015bni\u0119ty czosnek i przyprawy. Miksujemy dok\u0142adnie do uzyskania g\u0142adkiej pasty. Nast\u0119pnie dorzucamy posiekana marchewke i mieszamy \u0142y\u017ck\u0105. Past\u0119 doprawiamy do smaku.<\/p>\n\n\n\n<p>Mo\u017cna j\u0105 przechowywa\u0107 w lodowce przez ok. 3 dni.<\/p>\n","protected":false},"excerpt":{"rendered":"<p>Czy kanapka na \u015bniadanie lub kolacje mo\u017ce by\u0107 pe\u0142nowarto\u015bciowym posi\u0142kiem? Pewnie, ze mo\u017ce! Je\u015bli zamiast bia\u0142ego pieczywa wybierzemy ciemny chleb razowy lub&hellip;<\/p>\n","protected":false},"author":7,"featured_media":2677,"comment_status":"open","ping_status":"open","sticky":true,"template":"","format":"standard","meta":{"footnotes":""},"categories":[5,2],"tags":[16,38,39,42],"class_list":["post-2676","post","type-post","status-publish","format-standard","has-post-thumbnail","hentry","category-sniadania","category-kolacje","tag-pasta","tag-kolacja","tag-sniadanie","tag-kanapka"],"yoast_head":"<!-- This site is optimized with the Yoast SEO plugin v25.9 - https:\/\/yoast.com\/wordpress\/plugins\/seo\/ -->\n<title>Pasta z pieczonej dyni - U Wojtusia na talerzu<\/title>\n<meta name=\"description\" content=\"Czy kanapka na \u015bniadanie lub kolacje mo\u017ce by\u0107 pe\u0142nowarto\u015bciowym posi\u0142kiem? Pewnie, ze mo\u017ce! Je\u015bli zamiast bia\u0142ego pieczywa wybierzemy ciemny chleb razowy lub \u017cytni, a zamiast klasycznego zestawu szynka\/ser si\u0119gniemy po bogat\u0105 w bia\u0142ka past\u0119 to dlaczego nie? Do tego warzywa i woda i mamy to!\u27a1\ufe0fSk\u0142adniki na 1 s\u0142oiczek pasty:\u2022 100 g czerwonej soczewicy\u2022 2 \u0142y\u017cki puree z dyni\u2022 1 ugotowana marchewka (moze by\u0107 z roso\u0142u)\u2022 pol ma\u0142ej cebuli szalotka\u2022 1 z\u0105bek czosnku\u2022 p\u00f3\u0142 \u0142y\u017ceczki curry\u2022 2 \u0142y\u017cki oliwy\u2022 2-3 \u0142y\u017cki soku z cytryny (do smaku)\u2022 p\u00f3\u0142 \u0142y\u017ceczki s\u0142odkiej papryki\u2022 szczypta pieprzu\u2022 opcjonalnie s\u00f3l (dla doros\u0142ych)Soczewic\u0119 przek\u0142adamy do garnuszka i gotujemy do mi\u0119kko\u015bci. Nast\u0119pnie odcedzamy i pozostawiamy na sitku do ostygni\u0119cia. Ugotowana marchewke dzielimy na p\u00f3\u0142. Polowe przek\u0142adamy do wysokiego naczynia, a druga polowe siekamy na drobno. Do naczynia z marchewka dodajemy tez soczewic\u0119, dynie, cebule, sok, oliwe, przeci\u015bni\u0119ty czosnek i przyprawy. Miksujemy dok\u0142adnie do uzyskania g\u0142adkiej pasty. Nast\u0119pnie dorzucamy posiekana marchewke i mieszamy \u0142y\u017ck\u0105. Past\u0119 doprawiamy do smaku.Mo\u017cna j\u0105 przechowywa\u0107 w lodowce przez ok. 3 dni.\" \/>\n<meta name=\"robots\" content=\"index, follow, max-snippet:-1, max-image-preview:large, max-video-preview:-1\" \/>\n<link rel=\"canonical\" href=\"https:\/\/uwojtusianatalerzu.pl\/?p=2676\" \/>\n<meta property=\"og:locale\" content=\"pl_PL\" \/>\n<meta property=\"og:type\" content=\"article\" \/>\n<meta property=\"og:title\" content=\"Pasta z pieczonej dyni - U Wojtusia na talerzu\" \/>\n<meta property=\"og:description\" content=\"Czy kanapka na \u015bniadanie lub kolacje mo\u017ce by\u0107 pe\u0142nowarto\u015bciowym posi\u0142kiem? Pewnie, ze mo\u017ce! Je\u015bli zamiast bia\u0142ego pieczywa wybierzemy ciemny chleb razowy lub \u017cytni, a zamiast klasycznego zestawu szynka\/ser si\u0119gniemy po bogat\u0105 w bia\u0142ka past\u0119 to dlaczego nie? Do tego warzywa i woda i mamy to!\u27a1\ufe0fSk\u0142adniki na 1 s\u0142oiczek pasty:\u2022 100 g czerwonej soczewicy\u2022 2 \u0142y\u017cki puree z dyni\u2022 1 ugotowana marchewka (moze by\u0107 z roso\u0142u)\u2022 pol ma\u0142ej cebuli szalotka\u2022 1 z\u0105bek czosnku\u2022 p\u00f3\u0142 \u0142y\u017ceczki curry\u2022 2 \u0142y\u017cki oliwy\u2022 2-3 \u0142y\u017cki soku z cytryny (do smaku)\u2022 p\u00f3\u0142 \u0142y\u017ceczki s\u0142odkiej papryki\u2022 szczypta pieprzu\u2022 opcjonalnie s\u00f3l (dla doros\u0142ych)Soczewic\u0119 przek\u0142adamy do garnuszka i gotujemy do mi\u0119kko\u015bci. Nast\u0119pnie odcedzamy i pozostawiamy na sitku do ostygni\u0119cia. Ugotowana marchewke dzielimy na p\u00f3\u0142. Polowe przek\u0142adamy do wysokiego naczynia, a druga polowe siekamy na drobno. Do naczynia z marchewka dodajemy tez soczewic\u0119, dynie, cebule, sok, oliwe, przeci\u015bni\u0119ty czosnek i przyprawy. Miksujemy dok\u0142adnie do uzyskania g\u0142adkiej pasty. Nast\u0119pnie dorzucamy posiekana marchewke i mieszamy \u0142y\u017ck\u0105. Past\u0119 doprawiamy do smaku.Mo\u017cna j\u0105 przechowywa\u0107 w lodowce przez ok. 3 dni.\" \/>\n<meta property=\"og:url\" content=\"https:\/\/uwojtusianatalerzu.pl\/?p=2676\" \/>\n<meta property=\"og:site_name\" content=\"U Wojtusia na talerzu\" \/>\n<meta property=\"article:published_time\" content=\"2021-10-30T15:17:23+00:00\" \/>\n<meta property=\"article:modified_time\" content=\"2021-10-30T15:23:16+00:00\" \/>\n<meta property=\"og:image\" content=\"https:\/\/uwojtusianatalerzu.pl\/wp-content\/uploads\/2021\/10\/IMG_4548-scaled.jpg\" \/>\n\t<meta property=\"og:image:width\" content=\"1920\" \/>\n\t<meta property=\"og:image:height\" content=\"2560\" \/>\n\t<meta property=\"og:image:type\" content=\"image\/jpeg\" \/>\n<meta name=\"author\" content=\"Michalina\" \/>\n<meta name=\"twitter:card\" content=\"summary_large_image\" \/>\n<meta name=\"twitter:label1\" content=\"Napisane przez\" \/>\n\t<meta name=\"twitter:data1\" content=\"Michalina\" \/>\n\t<meta name=\"twitter:label2\" content=\"Szacowany czas czytania\" \/>\n\t<meta name=\"twitter:data2\" content=\"1 minuta\" \/>\n<script type=\"application\/ld+json\" class=\"yoast-schema-graph\">{\"@context\":\"https:\/\/schema.org\",\"@graph\":[{\"@type\":\"WebPage\",\"@id\":\"https:\/\/uwojtusianatalerzu.pl\/?p=2676\",\"url\":\"https:\/\/uwojtusianatalerzu.pl\/?p=2676\",\"name\":\"Pasta z pieczonej dyni - U Wojtusia na talerzu\",\"isPartOf\":{\"@id\":\"https:\/\/uwojtusianatalerzu.pl\/#website\"},\"primaryImageOfPage\":{\"@id\":\"https:\/\/uwojtusianatalerzu.pl\/?p=2676#primaryimage\"},\"image\":{\"@id\":\"https:\/\/uwojtusianatalerzu.pl\/?p=2676#primaryimage\"},\"thumbnailUrl\":\"https:\/\/uwojtusianatalerzu.pl\/wp-content\/uploads\/2021\/10\/IMG_4548-scaled.jpg\",\"datePublished\":\"2021-10-30T15:17:23+00:00\",\"dateModified\":\"2021-10-30T15:23:16+00:00\",\"author\":{\"@id\":\"https:\/\/uwojtusianatalerzu.pl\/#\/schema\/person\/79e29e86eb404b8101bb20866f135de5\"},\"description\":\"Czy kanapka na \u015bniadanie lub kolacje mo\u017ce by\u0107 pe\u0142nowarto\u015bciowym posi\u0142kiem? Pewnie, ze mo\u017ce! Je\u015bli zamiast bia\u0142ego pieczywa wybierzemy ciemny chleb razowy lub \u017cytni, a zamiast klasycznego zestawu szynka\/ser si\u0119gniemy po bogat\u0105 w bia\u0142ka past\u0119 to dlaczego nie? Do tego warzywa i woda i mamy to!\u27a1\ufe0fSk\u0142adniki na 1 s\u0142oiczek pasty:\u2022 100 g czerwonej soczewicy\u2022 2 \u0142y\u017cki puree z dyni\u2022 1 ugotowana marchewka (moze by\u0107 z roso\u0142u)\u2022 pol ma\u0142ej cebuli szalotka\u2022 1 z\u0105bek czosnku\u2022 p\u00f3\u0142 \u0142y\u017ceczki curry\u2022 2 \u0142y\u017cki oliwy\u2022 2-3 \u0142y\u017cki soku z cytryny (do smaku)\u2022 p\u00f3\u0142 \u0142y\u017ceczki s\u0142odkiej papryki\u2022 szczypta pieprzu\u2022 opcjonalnie s\u00f3l (dla doros\u0142ych)Soczewic\u0119 przek\u0142adamy do garnuszka i gotujemy do mi\u0119kko\u015bci. Nast\u0119pnie odcedzamy i pozostawiamy na sitku do ostygni\u0119cia. Ugotowana marchewke dzielimy na p\u00f3\u0142. Polowe przek\u0142adamy do wysokiego naczynia, a druga polowe siekamy na drobno. Do naczynia z marchewka dodajemy tez soczewic\u0119, dynie, cebule, sok, oliwe, przeci\u015bni\u0119ty czosnek i przyprawy. Miksujemy dok\u0142adnie do uzyskania g\u0142adkiej pasty. Nast\u0119pnie dorzucamy posiekana marchewke i mieszamy \u0142y\u017ck\u0105. Past\u0119 doprawiamy do smaku.Mo\u017cna j\u0105 przechowywa\u0107 w lodowce przez ok. 3 dni.\",\"breadcrumb\":{\"@id\":\"https:\/\/uwojtusianatalerzu.pl\/?p=2676#breadcrumb\"},\"inLanguage\":\"pl-PL\",\"potentialAction\":[{\"@type\":\"ReadAction\",\"target\":[\"https:\/\/uwojtusianatalerzu.pl\/?p=2676\"]}]},{\"@type\":\"ImageObject\",\"inLanguage\":\"pl-PL\",\"@id\":\"https:\/\/uwojtusianatalerzu.pl\/?p=2676#primaryimage\",\"url\":\"https:\/\/uwojtusianatalerzu.pl\/wp-content\/uploads\/2021\/10\/IMG_4548-scaled.jpg\",\"contentUrl\":\"https:\/\/uwojtusianatalerzu.pl\/wp-content\/uploads\/2021\/10\/IMG_4548-scaled.jpg\",\"width\":1920,\"height\":2560},{\"@type\":\"BreadcrumbList\",\"@id\":\"https:\/\/uwojtusianatalerzu.pl\/?p=2676#breadcrumb\",\"itemListElement\":[{\"@type\":\"ListItem\",\"position\":1,\"name\":\"Strona g\u0142\u00f3wna\",\"item\":\"https:\/\/uwojtusianatalerzu.pl\/\"},{\"@type\":\"ListItem\",\"position\":2,\"name\":\"Pasta z pieczonej dyni\"}]},{\"@type\":\"WebSite\",\"@id\":\"https:\/\/uwojtusianatalerzu.pl\/#website\",\"url\":\"https:\/\/uwojtusianatalerzu.pl\/\",\"name\":\"U Wojtusia na talerzu\",\"description\":\"U Wojtusia na talerzu to strona po\u015bwi\u0119cona \u017cywieniu dzieci od niemowlaka do starszaka\",\"potentialAction\":[{\"@type\":\"SearchAction\",\"target\":{\"@type\":\"EntryPoint\",\"urlTemplate\":\"https:\/\/uwojtusianatalerzu.pl\/?s={search_term_string}\"},\"query-input\":{\"@type\":\"PropertyValueSpecification\",\"valueRequired\":true,\"valueName\":\"search_term_string\"}}],\"inLanguage\":\"pl-PL\"},{\"@type\":\"Person\",\"@id\":\"https:\/\/uwojtusianatalerzu.pl\/#\/schema\/person\/79e29e86eb404b8101bb20866f135de5\",\"name\":\"Michalina\",\"image\":{\"@type\":\"ImageObject\",\"inLanguage\":\"pl-PL\",\"@id\":\"https:\/\/uwojtusianatalerzu.pl\/#\/schema\/person\/image\/\",\"url\":\"https:\/\/secure.gravatar.com\/avatar\/fc8dddf00a7e5b1b397e79c56fd58fb7f474bbdb447047b345a4afedc0929a7f?s=96&d=mm&r=g\",\"contentUrl\":\"https:\/\/secure.gravatar.com\/avatar\/fc8dddf00a7e5b1b397e79c56fd58fb7f474bbdb447047b345a4afedc0929a7f?s=96&d=mm&r=g\",\"caption\":\"Michalina\"},\"url\":\"https:\/\/uwojtusianatalerzu.pl\/?author=7\"}]}<\/script>\n<!-- \/ Yoast SEO plugin. -->","yoast_head_json":{"title":"Pasta z pieczonej dyni - U Wojtusia na talerzu","description":"Czy kanapka na \u015bniadanie lub kolacje mo\u017ce by\u0107 pe\u0142nowarto\u015bciowym posi\u0142kiem? Pewnie, ze mo\u017ce! Je\u015bli zamiast bia\u0142ego pieczywa wybierzemy ciemny chleb razowy lub \u017cytni, a zamiast klasycznego zestawu szynka\/ser si\u0119gniemy po bogat\u0105 w bia\u0142ka past\u0119 to dlaczego nie? Do tego warzywa i woda i mamy to!\u27a1\ufe0fSk\u0142adniki na 1 s\u0142oiczek pasty:\u2022 100 g czerwonej soczewicy\u2022 2 \u0142y\u017cki puree z dyni\u2022 1 ugotowana marchewka (moze by\u0107 z roso\u0142u)\u2022 pol ma\u0142ej cebuli szalotka\u2022 1 z\u0105bek czosnku\u2022 p\u00f3\u0142 \u0142y\u017ceczki curry\u2022 2 \u0142y\u017cki oliwy\u2022 2-3 \u0142y\u017cki soku z cytryny (do smaku)\u2022 p\u00f3\u0142 \u0142y\u017ceczki s\u0142odkiej papryki\u2022 szczypta pieprzu\u2022 opcjonalnie s\u00f3l (dla doros\u0142ych)Soczewic\u0119 przek\u0142adamy do garnuszka i gotujemy do mi\u0119kko\u015bci. Nast\u0119pnie odcedzamy i pozostawiamy na sitku do ostygni\u0119cia. Ugotowana marchewke dzielimy na p\u00f3\u0142. Polowe przek\u0142adamy do wysokiego naczynia, a druga polowe siekamy na drobno. Do naczynia z marchewka dodajemy tez soczewic\u0119, dynie, cebule, sok, oliwe, przeci\u015bni\u0119ty czosnek i przyprawy. Miksujemy dok\u0142adnie do uzyskania g\u0142adkiej pasty. Nast\u0119pnie dorzucamy posiekana marchewke i mieszamy \u0142y\u017ck\u0105. Past\u0119 doprawiamy do smaku.Mo\u017cna j\u0105 przechowywa\u0107 w lodowce przez ok. 3 dni.","robots":{"index":"index","follow":"follow","max-snippet":"max-snippet:-1","max-image-preview":"max-image-preview:large","max-video-preview":"max-video-preview:-1"},"canonical":"https:\/\/uwojtusianatalerzu.pl\/?p=2676","og_locale":"pl_PL","og_type":"article","og_title":"Pasta z pieczonej dyni - U Wojtusia na talerzu","og_description":"Czy kanapka na \u015bniadanie lub kolacje mo\u017ce by\u0107 pe\u0142nowarto\u015bciowym posi\u0142kiem? Pewnie, ze mo\u017ce! Je\u015bli zamiast bia\u0142ego pieczywa wybierzemy ciemny chleb razowy lub \u017cytni, a zamiast klasycznego zestawu szynka\/ser si\u0119gniemy po bogat\u0105 w bia\u0142ka past\u0119 to dlaczego nie? Do tego warzywa i woda i mamy to!\u27a1\ufe0fSk\u0142adniki na 1 s\u0142oiczek pasty:\u2022 100 g czerwonej soczewicy\u2022 2 \u0142y\u017cki puree z dyni\u2022 1 ugotowana marchewka (moze by\u0107 z roso\u0142u)\u2022 pol ma\u0142ej cebuli szalotka\u2022 1 z\u0105bek czosnku\u2022 p\u00f3\u0142 \u0142y\u017ceczki curry\u2022 2 \u0142y\u017cki oliwy\u2022 2-3 \u0142y\u017cki soku z cytryny (do smaku)\u2022 p\u00f3\u0142 \u0142y\u017ceczki s\u0142odkiej papryki\u2022 szczypta pieprzu\u2022 opcjonalnie s\u00f3l (dla doros\u0142ych)Soczewic\u0119 przek\u0142adamy do garnuszka i gotujemy do mi\u0119kko\u015bci. Nast\u0119pnie odcedzamy i pozostawiamy na sitku do ostygni\u0119cia. Ugotowana marchewke dzielimy na p\u00f3\u0142. Polowe przek\u0142adamy do wysokiego naczynia, a druga polowe siekamy na drobno. Do naczynia z marchewka dodajemy tez soczewic\u0119, dynie, cebule, sok, oliwe, przeci\u015bni\u0119ty czosnek i przyprawy. Miksujemy dok\u0142adnie do uzyskania g\u0142adkiej pasty. Nast\u0119pnie dorzucamy posiekana marchewke i mieszamy \u0142y\u017ck\u0105. Past\u0119 doprawiamy do smaku.Mo\u017cna j\u0105 przechowywa\u0107 w lodowce przez ok. 3 dni.","og_url":"https:\/\/uwojtusianatalerzu.pl\/?p=2676","og_site_name":"U Wojtusia na talerzu","article_published_time":"2021-10-30T15:17:23+00:00","article_modified_time":"2021-10-30T15:23:16+00:00","og_image":[{"width":1920,"height":2560,"url":"https:\/\/uwojtusianatalerzu.pl\/wp-content\/uploads\/2021\/10\/IMG_4548-scaled.jpg","type":"image\/jpeg"}],"author":"Michalina","twitter_card":"summary_large_image","twitter_misc":{"Napisane przez":"Michalina","Szacowany czas czytania":"1 minuta"},"schema":{"@context":"https:\/\/schema.org","@graph":[{"@type":"WebPage","@id":"https:\/\/uwojtusianatalerzu.pl\/?p=2676","url":"https:\/\/uwojtusianatalerzu.pl\/?p=2676","name":"Pasta z pieczonej dyni - U Wojtusia na talerzu","isPartOf":{"@id":"https:\/\/uwojtusianatalerzu.pl\/#website"},"primaryImageOfPage":{"@id":"https:\/\/uwojtusianatalerzu.pl\/?p=2676#primaryimage"},"image":{"@id":"https:\/\/uwojtusianatalerzu.pl\/?p=2676#primaryimage"},"thumbnailUrl":"https:\/\/uwojtusianatalerzu.pl\/wp-content\/uploads\/2021\/10\/IMG_4548-scaled.jpg","datePublished":"2021-10-30T15:17:23+00:00","dateModified":"2021-10-30T15:23:16+00:00","author":{"@id":"https:\/\/uwojtusianatalerzu.pl\/#\/schema\/person\/79e29e86eb404b8101bb20866f135de5"},"description":"Czy kanapka na \u015bniadanie lub kolacje mo\u017ce by\u0107 pe\u0142nowarto\u015bciowym posi\u0142kiem? Pewnie, ze mo\u017ce! Je\u015bli zamiast bia\u0142ego pieczywa wybierzemy ciemny chleb razowy lub \u017cytni, a zamiast klasycznego zestawu szynka\/ser si\u0119gniemy po bogat\u0105 w bia\u0142ka past\u0119 to dlaczego nie? Do tego warzywa i woda i mamy to!\u27a1\ufe0fSk\u0142adniki na 1 s\u0142oiczek pasty:\u2022 100 g czerwonej soczewicy\u2022 2 \u0142y\u017cki puree z dyni\u2022 1 ugotowana marchewka (moze by\u0107 z roso\u0142u)\u2022 pol ma\u0142ej cebuli szalotka\u2022 1 z\u0105bek czosnku\u2022 p\u00f3\u0142 \u0142y\u017ceczki curry\u2022 2 \u0142y\u017cki oliwy\u2022 2-3 \u0142y\u017cki soku z cytryny (do smaku)\u2022 p\u00f3\u0142 \u0142y\u017ceczki s\u0142odkiej papryki\u2022 szczypta pieprzu\u2022 opcjonalnie s\u00f3l (dla doros\u0142ych)Soczewic\u0119 przek\u0142adamy do garnuszka i gotujemy do mi\u0119kko\u015bci. Nast\u0119pnie odcedzamy i pozostawiamy na sitku do ostygni\u0119cia. Ugotowana marchewke dzielimy na p\u00f3\u0142. Polowe przek\u0142adamy do wysokiego naczynia, a druga polowe siekamy na drobno. Do naczynia z marchewka dodajemy tez soczewic\u0119, dynie, cebule, sok, oliwe, przeci\u015bni\u0119ty czosnek i przyprawy. Miksujemy dok\u0142adnie do uzyskania g\u0142adkiej pasty. Nast\u0119pnie dorzucamy posiekana marchewke i mieszamy \u0142y\u017ck\u0105. Past\u0119 doprawiamy do smaku.Mo\u017cna j\u0105 przechowywa\u0107 w lodowce przez ok. 3 dni.","breadcrumb":{"@id":"https:\/\/uwojtusianatalerzu.pl\/?p=2676#breadcrumb"},"inLanguage":"pl-PL","potentialAction":[{"@type":"ReadAction","target":["https:\/\/uwojtusianatalerzu.pl\/?p=2676"]}]},{"@type":"ImageObject","inLanguage":"pl-PL","@id":"https:\/\/uwojtusianatalerzu.pl\/?p=2676#primaryimage","url":"https:\/\/uwojtusianatalerzu.pl\/wp-content\/uploads\/2021\/10\/IMG_4548-scaled.jpg","contentUrl":"https:\/\/uwojtusianatalerzu.pl\/wp-content\/uploads\/2021\/10\/IMG_4548-scaled.jpg","width":1920,"height":2560},{"@type":"BreadcrumbList","@id":"https:\/\/uwojtusianatalerzu.pl\/?p=2676#breadcrumb","itemListElement":[{"@type":"ListItem","position":1,"name":"Strona g\u0142\u00f3wna","item":"https:\/\/uwojtusianatalerzu.pl\/"},{"@type":"ListItem","position":2,"name":"Pasta z pieczonej dyni"}]},{"@type":"WebSite","@id":"https:\/\/uwojtusianatalerzu.pl\/#website","url":"https:\/\/uwojtusianatalerzu.pl\/","name":"U Wojtusia na talerzu","description":"U Wojtusia na talerzu to strona po\u015bwi\u0119cona \u017cywieniu dzieci od niemowlaka do starszaka","potentialAction":[{"@type":"SearchAction","target":{"@type":"EntryPoint","urlTemplate":"https:\/\/uwojtusianatalerzu.pl\/?s={search_term_string}"},"query-input":{"@type":"PropertyValueSpecification","valueRequired":true,"valueName":"search_term_string"}}],"inLanguage":"pl-PL"},{"@type":"Person","@id":"https:\/\/uwojtusianatalerzu.pl\/#\/schema\/person\/79e29e86eb404b8101bb20866f135de5","name":"Michalina","image":{"@type":"ImageObject","inLanguage":"pl-PL","@id":"https:\/\/uwojtusianatalerzu.pl\/#\/schema\/person\/image\/","url":"https:\/\/secure.gravatar.com\/avatar\/fc8dddf00a7e5b1b397e79c56fd58fb7f474bbdb447047b345a4afedc0929a7f?s=96&d=mm&r=g","contentUrl":"https:\/\/secure.gravatar.com\/avatar\/fc8dddf00a7e5b1b397e79c56fd58fb7f474bbdb447047b345a4afedc0929a7f?s=96&d=mm&r=g","caption":"Michalina"},"url":"https:\/\/uwojtusianatalerzu.pl\/?author=7"}]}},"_links":{"self":[{"href":"https:\/\/uwojtusianatalerzu.pl\/index.php?rest_route=\/wp\/v2\/posts\/2676","targetHints":{"allow":["GET"]}}],"collection":[{"href":"https:\/\/uwojtusianatalerzu.pl\/index.php?rest_route=\/wp\/v2\/posts"}],"about":[{"href":"https:\/\/uwojtusianatalerzu.pl\/index.php?rest_route=\/wp\/v2\/types\/post"}],"author":[{"embeddable":true,"href":"https:\/\/uwojtusianatalerzu.pl\/index.php?rest_route=\/wp\/v2\/users\/7"}],"replies":[{"embeddable":true,"href":"https:\/\/uwojtusianatalerzu.pl\/index.php?rest_route=%2Fwp%2Fv2%2Fcomments&post=2676"}],"version-history":[{"count":1,"href":"https:\/\/uwojtusianatalerzu.pl\/index.php?rest_route=\/wp\/v2\/posts\/2676\/revisions"}],"predecessor-version":[{"id":2678,"href":"https:\/\/uwojtusianatalerzu.pl\/index.php?rest_route=\/wp\/v2\/posts\/2676\/revisions\/2678"}],"wp:featuredmedia":[{"embeddable":true,"href":"https:\/\/uwojtusianatalerzu.pl\/index.php?rest_route=\/wp\/v2\/media\/2677"}],"wp:attachment":[{"href":"https:\/\/uwojtusianatalerzu.pl\/index.php?rest_route=%2Fwp%2Fv2%2Fmedia&parent=2676"}],"wp:term":[{"taxonomy":"category","embeddable":true,"href":"https:\/\/uwojtusianatalerzu.pl\/index.php?rest_route=%2Fwp%2Fv2%2Fcategories&post=2676"},{"taxonomy":"post_tag","embeddable":true,"href":"https:\/\/uwojtusianatalerzu.pl\/index.php?rest_route=%2Fwp%2Fv2%2Ftags&post=2676"}],"curies":[{"name":"wp","href":"https:\/\/api.w.org\/{rel}","templated":true}]}}