{"id":2646,"date":"2021-02-10T10:46:16","date_gmt":"2021-02-10T10:46:16","guid":{"rendered":"https:\/\/uwojtusianatalerzu.pl\/?p=2646"},"modified":"2021-02-10T10:48:40","modified_gmt":"2021-02-10T10:48:40","slug":"twarogowe-donuts-z-kolorowa-posypka","status":"publish","type":"post","link":"https:\/\/uwojtusianatalerzu.pl\/?p=2646","title":{"rendered":"Twarogowe donuts z kolorow\u0105 posypk\u0105"},"content":{"rendered":"\n<p>Po 6 m. Mam dla Was pyszn\u0105 propozycj\u0119 na T\u0142usty Czwartek! I nie tylko! W zesz\u0142ym roku robi\u0142am p\u0105czki, w tym roku stawiam na co\u015b innego &#8211; przepyszne kolorowe donuts, kt\u00f3re Wojtus wr\u0119cz POCH\u0141ANIA! S\u0105 \u015bwietn\u0105 alternatyw\u0105 dla p\u0105czkow, fawork\u00f3w (chocia\u017c im tez nie odpuszcz\u0119?) i mo\u017cecie je \u015bmia\u0142o poda\u0107 dzieciaczkom po 6 miesi\u0105cu \u017cycia? i to nie tylko w T\u0142usty Czwartek, ale r\u00f3wnie\u017c na \u015bniadanie czy podwieczorek ?<\/p>\n\n\n\n<p>\u27a1\ufe0fSk\u0142adniki na ok. 12 donuts:<br>\u2022 250 g twarogu<br>\u2022 2 szklanki m\u0105ki pszennej lub orkiszowej<br>\u2022 1 jajko i 1 \u017c\u00f3\u0142tko<br>\u2022 2-3 \u0142y\u017cki miodu\/ syropu z daktyli lub innego s\u0142odzika (mi\u00f3d po roku)<br>\u2022 p\u00f3\u0142 \u0142y\u017ceczki sody<br>\u2022 p\u00f3\u0142 \u0142y\u017ceczki proszku do pieczenia<br>\u2022 \u0142y\u017ceczka cynamonu (opcjonalnie)<br>\u2022 3 \u0142y\u017cki \u015bmietany 12%<br>\u2022 wanilia<br>\u2022 do posypania: owoce liofilizowane (u mnie mix r\u00f3\u017cowy burak, je\u017cyna, truskawka oraz \u201ebia\u0142y\u201d jab\u0142ko)- dla starszych mo\u017cecie u\u017cy\u0107 zwyk\u0142ego cukru pudru<\/p>\n\n\n\n<p>Ser przeciskamy przez prask\u0119, mielimy w malakserze lub blendujemy (wszystko jedno). Dodajemy pozosta\u0142e sk\u0142adniki (opr\u00f3cz tych na posypk\u0119). I wyrabiamy z nich ciasto. Nast\u0119pnie wyk\u0142adamy je na stolnic\u0119 i rozwalkowujemy na grubo\u015b\u0107 ok. 2 cm. Szklanka wycinamy kolka, a ma\u0142ym kieliszkiem (lub wykrawaczka do owocow) wycinamy \u015brodek. Uk\u0142adamy na blasze wy\u0142o\u017conej papierem do pieczenia. Smarujemy bia\u0142kiem. Piekarnik nagrzewamy do 200 stopni (g\u00f3ra-dol). Wstawiamy donaty i pieczemy ok. 20 min (do zarumienienia). Wyci\u0105gamy i lekko studzimy. Sk\u0142adniki posypki mieszamy (ja wymiesza\u0142am proszek r\u00f3\u017cowy i jasny. Opr\u00f3szamy donuty i wcinamy ze smakiem! Najlepsze s\u0105 takie lekko ciep\u0142e. Gdy ostygn\u0105 staj\u0105 si\u0119 troch\u0119 \u201etwardsze\u201d. Mo\u017cna je tez zamrozi\u0107.<\/p>\n\n\n\n<p><\/p>\n\n\n\n<figure class=\"wp-block-image size-large\"><img fetchpriority=\"high\" decoding=\"async\" width=\"785\" height=\"1024\" src=\"https:\/\/uwojtusianatalerzu.pl\/wp-content\/uploads\/2021\/02\/4950BFC1-AF41-426B-A8E6-0C843D83D3C9-785x1024.jpeg\" alt=\"\" class=\"wp-image-2651\" srcset=\"https:\/\/uwojtusianatalerzu.pl\/wp-content\/uploads\/2021\/02\/4950BFC1-AF41-426B-A8E6-0C843D83D3C9-785x1024.jpeg 785w, https:\/\/uwojtusianatalerzu.pl\/wp-content\/uploads\/2021\/02\/4950BFC1-AF41-426B-A8E6-0C843D83D3C9-230x300.jpeg 230w, https:\/\/uwojtusianatalerzu.pl\/wp-content\/uploads\/2021\/02\/4950BFC1-AF41-426B-A8E6-0C843D83D3C9-768x1002.jpeg 768w, https:\/\/uwojtusianatalerzu.pl\/wp-content\/uploads\/2021\/02\/4950BFC1-AF41-426B-A8E6-0C843D83D3C9-585x763.jpeg 585w, https:\/\/uwojtusianatalerzu.pl\/wp-content\/uploads\/2021\/02\/4950BFC1-AF41-426B-A8E6-0C843D83D3C9.jpeg 828w\" sizes=\"(max-width: 785px) 100vw, 785px\" \/><\/figure>\n","protected":false},"excerpt":{"rendered":"<p>Po 6 m. Mam dla Was pyszn\u0105 propozycj\u0119 na T\u0142usty Czwartek! I nie tylko! W zesz\u0142ym roku robi\u0142am p\u0105czki, w tym roku&hellip;<\/p>\n","protected":false},"author":7,"featured_media":2650,"comment_status":"open","ping_status":"open","sticky":true,"template":"","format":"standard","meta":{"footnotes":""},"categories":[5,6],"tags":[59,44],"class_list":["post-2646","post","type-post","status-publish","format-standard","has-post-thumbnail","hentry","category-sniadania","category-podwieczorki-przekaski","tag-twarog","tag-podwieczorek"],"yoast_head":"<!-- This site is optimized with the Yoast SEO plugin v25.9 - https:\/\/yoast.com\/wordpress\/plugins\/seo\/ -->\n<title>Twarogowe donuts z kolorow\u0105 posypk\u0105 - U Wojtusia na talerzu<\/title>\n<meta name=\"description\" content=\"Czy Wy wiecie, ze niebawem jest T\u0142usty Czwartek??? W zesz\u0142ym roku robi\u0142am p\u0105czki, w tym roku stawiam na co\u015b innego - przepyszne kolorowe donuts, kt\u00f3re Wojtus wr\u0119cz POCH\u0141ANIA! S\u0105 \u015bwietna alternatywa dla p\u0105czkow, fawork\u00f3w (chocia\u017c im tez nie odpuszcz\u0119?) i mo\u017cecie je \u015bmia\u0142o poda\u0107 dzieciaczkom po 6 miesi\u0105cu \u017cycia? i to nie tylko w T\u0142usty Czwartek, ale r\u00f3wnie\u017c na \u015bniadanie czy podwieczorek\" \/>\n<meta name=\"robots\" content=\"index, follow, max-snippet:-1, max-image-preview:large, max-video-preview:-1\" \/>\n<link rel=\"canonical\" href=\"https:\/\/uwojtusianatalerzu.pl\/?p=2646\" \/>\n<meta property=\"og:locale\" content=\"pl_PL\" \/>\n<meta property=\"og:type\" content=\"article\" \/>\n<meta property=\"og:title\" content=\"Twarogowe donuts z kolorow\u0105 posypk\u0105 - U Wojtusia na talerzu\" \/>\n<meta property=\"og:description\" content=\"Czy Wy wiecie, ze niebawem jest T\u0142usty Czwartek??? W zesz\u0142ym roku robi\u0142am p\u0105czki, w tym roku stawiam na co\u015b innego - przepyszne kolorowe donuts, kt\u00f3re Wojtus wr\u0119cz POCH\u0141ANIA! S\u0105 \u015bwietna alternatywa dla p\u0105czkow, fawork\u00f3w (chocia\u017c im tez nie odpuszcz\u0119?) i mo\u017cecie je \u015bmia\u0142o poda\u0107 dzieciaczkom po 6 miesi\u0105cu \u017cycia? i to nie tylko w T\u0142usty Czwartek, ale r\u00f3wnie\u017c na \u015bniadanie czy podwieczorek\" \/>\n<meta property=\"og:url\" content=\"https:\/\/uwojtusianatalerzu.pl\/?p=2646\" \/>\n<meta property=\"og:site_name\" content=\"U Wojtusia na talerzu\" \/>\n<meta property=\"article:published_time\" content=\"2021-02-10T10:46:16+00:00\" \/>\n<meta property=\"article:modified_time\" content=\"2021-02-10T10:48:40+00:00\" \/>\n<meta property=\"og:image\" content=\"https:\/\/uwojtusianatalerzu.pl\/wp-content\/uploads\/2021\/02\/72408E89-F499-4218-A162-E4F2BC497613.jpeg\" \/>\n\t<meta property=\"og:image:width\" content=\"749\" \/>\n\t<meta property=\"og:image:height\" content=\"1008\" \/>\n\t<meta property=\"og:image:type\" content=\"image\/jpeg\" \/>\n<meta name=\"author\" content=\"Michalina\" \/>\n<meta name=\"twitter:card\" content=\"summary_large_image\" \/>\n<meta name=\"twitter:label1\" content=\"Napisane przez\" \/>\n\t<meta name=\"twitter:data1\" content=\"Michalina\" \/>\n\t<meta name=\"twitter:label2\" content=\"Szacowany czas czytania\" \/>\n\t<meta name=\"twitter:data2\" content=\"1 minuta\" \/>\n<script type=\"application\/ld+json\" class=\"yoast-schema-graph\">{\"@context\":\"https:\/\/schema.org\",\"@graph\":[{\"@type\":\"WebPage\",\"@id\":\"https:\/\/uwojtusianatalerzu.pl\/?p=2646\",\"url\":\"https:\/\/uwojtusianatalerzu.pl\/?p=2646\",\"name\":\"Twarogowe donuts z kolorow\u0105 posypk\u0105 - U Wojtusia na talerzu\",\"isPartOf\":{\"@id\":\"https:\/\/uwojtusianatalerzu.pl\/#website\"},\"primaryImageOfPage\":{\"@id\":\"https:\/\/uwojtusianatalerzu.pl\/?p=2646#primaryimage\"},\"image\":{\"@id\":\"https:\/\/uwojtusianatalerzu.pl\/?p=2646#primaryimage\"},\"thumbnailUrl\":\"https:\/\/uwojtusianatalerzu.pl\/wp-content\/uploads\/2021\/02\/72408E89-F499-4218-A162-E4F2BC497613.jpeg\",\"datePublished\":\"2021-02-10T10:46:16+00:00\",\"dateModified\":\"2021-02-10T10:48:40+00:00\",\"author\":{\"@id\":\"https:\/\/uwojtusianatalerzu.pl\/#\/schema\/person\/79e29e86eb404b8101bb20866f135de5\"},\"description\":\"Czy Wy wiecie, ze niebawem jest T\u0142usty Czwartek??? W zesz\u0142ym roku robi\u0142am p\u0105czki, w tym roku stawiam na co\u015b innego - przepyszne kolorowe donuts, kt\u00f3re Wojtus wr\u0119cz POCH\u0141ANIA! S\u0105 \u015bwietna alternatywa dla p\u0105czkow, fawork\u00f3w (chocia\u017c im tez nie odpuszcz\u0119?) i mo\u017cecie je \u015bmia\u0142o poda\u0107 dzieciaczkom po 6 miesi\u0105cu \u017cycia? i to nie tylko w T\u0142usty Czwartek, ale r\u00f3wnie\u017c na \u015bniadanie czy podwieczorek\",\"breadcrumb\":{\"@id\":\"https:\/\/uwojtusianatalerzu.pl\/?p=2646#breadcrumb\"},\"inLanguage\":\"pl-PL\",\"potentialAction\":[{\"@type\":\"ReadAction\",\"target\":[\"https:\/\/uwojtusianatalerzu.pl\/?p=2646\"]}]},{\"@type\":\"ImageObject\",\"inLanguage\":\"pl-PL\",\"@id\":\"https:\/\/uwojtusianatalerzu.pl\/?p=2646#primaryimage\",\"url\":\"https:\/\/uwojtusianatalerzu.pl\/wp-content\/uploads\/2021\/02\/72408E89-F499-4218-A162-E4F2BC497613.jpeg\",\"contentUrl\":\"https:\/\/uwojtusianatalerzu.pl\/wp-content\/uploads\/2021\/02\/72408E89-F499-4218-A162-E4F2BC497613.jpeg\",\"width\":749,\"height\":1008},{\"@type\":\"BreadcrumbList\",\"@id\":\"https:\/\/uwojtusianatalerzu.pl\/?p=2646#breadcrumb\",\"itemListElement\":[{\"@type\":\"ListItem\",\"position\":1,\"name\":\"Strona g\u0142\u00f3wna\",\"item\":\"https:\/\/uwojtusianatalerzu.pl\/\"},{\"@type\":\"ListItem\",\"position\":2,\"name\":\"Twarogowe donuts z kolorow\u0105 posypk\u0105\"}]},{\"@type\":\"WebSite\",\"@id\":\"https:\/\/uwojtusianatalerzu.pl\/#website\",\"url\":\"https:\/\/uwojtusianatalerzu.pl\/\",\"name\":\"U Wojtusia na talerzu\",\"description\":\"U Wojtusia na talerzu to strona po\u015bwi\u0119cona \u017cywieniu dzieci od niemowlaka do starszaka\",\"potentialAction\":[{\"@type\":\"SearchAction\",\"target\":{\"@type\":\"EntryPoint\",\"urlTemplate\":\"https:\/\/uwojtusianatalerzu.pl\/?s={search_term_string}\"},\"query-input\":{\"@type\":\"PropertyValueSpecification\",\"valueRequired\":true,\"valueName\":\"search_term_string\"}}],\"inLanguage\":\"pl-PL\"},{\"@type\":\"Person\",\"@id\":\"https:\/\/uwojtusianatalerzu.pl\/#\/schema\/person\/79e29e86eb404b8101bb20866f135de5\",\"name\":\"Michalina\",\"image\":{\"@type\":\"ImageObject\",\"inLanguage\":\"pl-PL\",\"@id\":\"https:\/\/uwojtusianatalerzu.pl\/#\/schema\/person\/image\/\",\"url\":\"https:\/\/secure.gravatar.com\/avatar\/fc8dddf00a7e5b1b397e79c56fd58fb7f474bbdb447047b345a4afedc0929a7f?s=96&d=mm&r=g\",\"contentUrl\":\"https:\/\/secure.gravatar.com\/avatar\/fc8dddf00a7e5b1b397e79c56fd58fb7f474bbdb447047b345a4afedc0929a7f?s=96&d=mm&r=g\",\"caption\":\"Michalina\"},\"url\":\"https:\/\/uwojtusianatalerzu.pl\/?author=7\"}]}<\/script>\n<!-- \/ Yoast SEO plugin. -->","yoast_head_json":{"title":"Twarogowe donuts z kolorow\u0105 posypk\u0105 - U Wojtusia na talerzu","description":"Czy Wy wiecie, ze niebawem jest T\u0142usty Czwartek??? W zesz\u0142ym roku robi\u0142am p\u0105czki, w tym roku stawiam na co\u015b innego - przepyszne kolorowe donuts, kt\u00f3re Wojtus wr\u0119cz POCH\u0141ANIA! S\u0105 \u015bwietna alternatywa dla p\u0105czkow, fawork\u00f3w (chocia\u017c im tez nie odpuszcz\u0119?) i mo\u017cecie je \u015bmia\u0142o poda\u0107 dzieciaczkom po 6 miesi\u0105cu \u017cycia? i to nie tylko w T\u0142usty Czwartek, ale r\u00f3wnie\u017c na \u015bniadanie czy podwieczorek","robots":{"index":"index","follow":"follow","max-snippet":"max-snippet:-1","max-image-preview":"max-image-preview:large","max-video-preview":"max-video-preview:-1"},"canonical":"https:\/\/uwojtusianatalerzu.pl\/?p=2646","og_locale":"pl_PL","og_type":"article","og_title":"Twarogowe donuts z kolorow\u0105 posypk\u0105 - U Wojtusia na talerzu","og_description":"Czy Wy wiecie, ze niebawem jest T\u0142usty Czwartek??? W zesz\u0142ym roku robi\u0142am p\u0105czki, w tym roku stawiam na co\u015b innego - przepyszne kolorowe donuts, kt\u00f3re Wojtus wr\u0119cz POCH\u0141ANIA! S\u0105 \u015bwietna alternatywa dla p\u0105czkow, fawork\u00f3w (chocia\u017c im tez nie odpuszcz\u0119?) i mo\u017cecie je \u015bmia\u0142o poda\u0107 dzieciaczkom po 6 miesi\u0105cu \u017cycia? i to nie tylko w T\u0142usty Czwartek, ale r\u00f3wnie\u017c na \u015bniadanie czy podwieczorek","og_url":"https:\/\/uwojtusianatalerzu.pl\/?p=2646","og_site_name":"U Wojtusia na talerzu","article_published_time":"2021-02-10T10:46:16+00:00","article_modified_time":"2021-02-10T10:48:40+00:00","og_image":[{"width":749,"height":1008,"url":"https:\/\/uwojtusianatalerzu.pl\/wp-content\/uploads\/2021\/02\/72408E89-F499-4218-A162-E4F2BC497613.jpeg","type":"image\/jpeg"}],"author":"Michalina","twitter_card":"summary_large_image","twitter_misc":{"Napisane przez":"Michalina","Szacowany czas czytania":"1 minuta"},"schema":{"@context":"https:\/\/schema.org","@graph":[{"@type":"WebPage","@id":"https:\/\/uwojtusianatalerzu.pl\/?p=2646","url":"https:\/\/uwojtusianatalerzu.pl\/?p=2646","name":"Twarogowe donuts z kolorow\u0105 posypk\u0105 - U Wojtusia na talerzu","isPartOf":{"@id":"https:\/\/uwojtusianatalerzu.pl\/#website"},"primaryImageOfPage":{"@id":"https:\/\/uwojtusianatalerzu.pl\/?p=2646#primaryimage"},"image":{"@id":"https:\/\/uwojtusianatalerzu.pl\/?p=2646#primaryimage"},"thumbnailUrl":"https:\/\/uwojtusianatalerzu.pl\/wp-content\/uploads\/2021\/02\/72408E89-F499-4218-A162-E4F2BC497613.jpeg","datePublished":"2021-02-10T10:46:16+00:00","dateModified":"2021-02-10T10:48:40+00:00","author":{"@id":"https:\/\/uwojtusianatalerzu.pl\/#\/schema\/person\/79e29e86eb404b8101bb20866f135de5"},"description":"Czy Wy wiecie, ze niebawem jest T\u0142usty Czwartek??? W zesz\u0142ym roku robi\u0142am p\u0105czki, w tym roku stawiam na co\u015b innego - przepyszne kolorowe donuts, kt\u00f3re Wojtus wr\u0119cz POCH\u0141ANIA! S\u0105 \u015bwietna alternatywa dla p\u0105czkow, fawork\u00f3w (chocia\u017c im tez nie odpuszcz\u0119?) i mo\u017cecie je \u015bmia\u0142o poda\u0107 dzieciaczkom po 6 miesi\u0105cu \u017cycia? i to nie tylko w T\u0142usty Czwartek, ale r\u00f3wnie\u017c na \u015bniadanie czy podwieczorek","breadcrumb":{"@id":"https:\/\/uwojtusianatalerzu.pl\/?p=2646#breadcrumb"},"inLanguage":"pl-PL","potentialAction":[{"@type":"ReadAction","target":["https:\/\/uwojtusianatalerzu.pl\/?p=2646"]}]},{"@type":"ImageObject","inLanguage":"pl-PL","@id":"https:\/\/uwojtusianatalerzu.pl\/?p=2646#primaryimage","url":"https:\/\/uwojtusianatalerzu.pl\/wp-content\/uploads\/2021\/02\/72408E89-F499-4218-A162-E4F2BC497613.jpeg","contentUrl":"https:\/\/uwojtusianatalerzu.pl\/wp-content\/uploads\/2021\/02\/72408E89-F499-4218-A162-E4F2BC497613.jpeg","width":749,"height":1008},{"@type":"BreadcrumbList","@id":"https:\/\/uwojtusianatalerzu.pl\/?p=2646#breadcrumb","itemListElement":[{"@type":"ListItem","position":1,"name":"Strona g\u0142\u00f3wna","item":"https:\/\/uwojtusianatalerzu.pl\/"},{"@type":"ListItem","position":2,"name":"Twarogowe donuts z kolorow\u0105 posypk\u0105"}]},{"@type":"WebSite","@id":"https:\/\/uwojtusianatalerzu.pl\/#website","url":"https:\/\/uwojtusianatalerzu.pl\/","name":"U Wojtusia na talerzu","description":"U Wojtusia na talerzu to strona po\u015bwi\u0119cona \u017cywieniu dzieci od niemowlaka do starszaka","potentialAction":[{"@type":"SearchAction","target":{"@type":"EntryPoint","urlTemplate":"https:\/\/uwojtusianatalerzu.pl\/?s={search_term_string}"},"query-input":{"@type":"PropertyValueSpecification","valueRequired":true,"valueName":"search_term_string"}}],"inLanguage":"pl-PL"},{"@type":"Person","@id":"https:\/\/uwojtusianatalerzu.pl\/#\/schema\/person\/79e29e86eb404b8101bb20866f135de5","name":"Michalina","image":{"@type":"ImageObject","inLanguage":"pl-PL","@id":"https:\/\/uwojtusianatalerzu.pl\/#\/schema\/person\/image\/","url":"https:\/\/secure.gravatar.com\/avatar\/fc8dddf00a7e5b1b397e79c56fd58fb7f474bbdb447047b345a4afedc0929a7f?s=96&d=mm&r=g","contentUrl":"https:\/\/secure.gravatar.com\/avatar\/fc8dddf00a7e5b1b397e79c56fd58fb7f474bbdb447047b345a4afedc0929a7f?s=96&d=mm&r=g","caption":"Michalina"},"url":"https:\/\/uwojtusianatalerzu.pl\/?author=7"}]}},"_links":{"self":[{"href":"https:\/\/uwojtusianatalerzu.pl\/index.php?rest_route=\/wp\/v2\/posts\/2646","targetHints":{"allow":["GET"]}}],"collection":[{"href":"https:\/\/uwojtusianatalerzu.pl\/index.php?rest_route=\/wp\/v2\/posts"}],"about":[{"href":"https:\/\/uwojtusianatalerzu.pl\/index.php?rest_route=\/wp\/v2\/types\/post"}],"author":[{"embeddable":true,"href":"https:\/\/uwojtusianatalerzu.pl\/index.php?rest_route=\/wp\/v2\/users\/7"}],"replies":[{"embeddable":true,"href":"https:\/\/uwojtusianatalerzu.pl\/index.php?rest_route=%2Fwp%2Fv2%2Fcomments&post=2646"}],"version-history":[{"count":2,"href":"https:\/\/uwojtusianatalerzu.pl\/index.php?rest_route=\/wp\/v2\/posts\/2646\/revisions"}],"predecessor-version":[{"id":2652,"href":"https:\/\/uwojtusianatalerzu.pl\/index.php?rest_route=\/wp\/v2\/posts\/2646\/revisions\/2652"}],"wp:featuredmedia":[{"embeddable":true,"href":"https:\/\/uwojtusianatalerzu.pl\/index.php?rest_route=\/wp\/v2\/media\/2650"}],"wp:attachment":[{"href":"https:\/\/uwojtusianatalerzu.pl\/index.php?rest_route=%2Fwp%2Fv2%2Fmedia&parent=2646"}],"wp:term":[{"taxonomy":"category","embeddable":true,"href":"https:\/\/uwojtusianatalerzu.pl\/index.php?rest_route=%2Fwp%2Fv2%2Fcategories&post=2646"},{"taxonomy":"post_tag","embeddable":true,"href":"https:\/\/uwojtusianatalerzu.pl\/index.php?rest_route=%2Fwp%2Fv2%2Ftags&post=2646"}],"curies":[{"name":"wp","href":"https:\/\/api.w.org\/{rel}","templated":true}]}}