{"id":2586,"date":"2020-10-29T21:02:57","date_gmt":"2020-10-29T21:02:57","guid":{"rendered":"http:\/\/uwojtusianatalerzu.pl\/?p=2586"},"modified":"2020-10-29T21:02:59","modified_gmt":"2020-10-29T21:02:59","slug":"owocowe-placki-z-kasza-manna-i-zurawina","status":"publish","type":"post","link":"https:\/\/uwojtusianatalerzu.pl\/?p=2586","title":{"rendered":"Owocowe placki z kasz\u0105 mann\u0105 i \u017curawin\u0105"},"content":{"rendered":"\n<p>O nieee, znowu placki&#8230; a no pewnie,  \u017ce znowu, bo placki s\u0105 fajne przecie\u017c! Mamy lubi\u0105 je robi\u0107, a dzieci je\u015b\u0107 &#8211; przynajmniej niekt\u00f3re. Tych, kt\u00f3re nie lubi\u0105 &#8211; nie zmuszamy. To, \u017ce dzieci wiedza co lubi\u0105 a co nie, wynika z ich natury. Wybieraj\u0105 to, co lubi\u0105 i chc\u0105. Szanujmy ich zdanie:)<\/p>\n\n\n\n<hr class=\"wp-block-separator is-style-wide\"\/>\n\n\n\n<p>Sk\u0142adniki na 4 du\u017ce placki:<br>\u2022 1 jajko<br>\u2022 100ml mleka kokosowego <br>\u2022 2 \u0142y\u017cki owocowego puree (mo\u017ce by\u0107 ze s\u0142oiczka &#8211; ja da\u0142am mus morela, banan, jab\u0142ko)<br>\u2022 2 \u0142y\u017cki kaszy manny<br>\u2022 2-3 \u0142y\u017cki m\u0105ki<br>\u2022 \u015bwie\u017ca \u017curawina<br>\u2022 odrobina mas\u0142a do sma\u017cenia<\/p>\n\n\n\n<hr class=\"wp-block-separator is-style-wide\"\/>\n\n\n\n<p>Przygotowanie:<\/p>\n\n\n\n<p>Jajko roztrzepa\u0107 widelcem. Doda\u0107 mleko kokosowe i mus owocowy, wymiesza\u0107. Doda\u0107 kasz\u0119 i m\u0105k\u0119 i odstawi\u0107 na kilka minut. Na patelni rozgrza\u0107 odrobin\u0119 mas\u0142a, usun\u0105\u0107 nadmiar r\u0119cznikiem. Na\u0142o\u017cy\u0107 porcj\u0119 ciasta, na wierzchu u\u0142o\u017cy\u0107 pokrojon\u0105 w plasterki \u017curawin\u0119 i sma\u017cy\u0107 na ma\u0142ym ogniu pod przykryciem przez 2-3 minuty. Nast\u0119pnie odwr\u00f3ci\u0107 i sma\u017cy\u0107 jeszcze chwil\u0119.<\/p>\n","protected":false},"excerpt":{"rendered":"<p>O nieee, znowu placki&#8230; a no pewnie, \u017ce znowu, bo placki s\u0105 fajne przecie\u017c! Mamy lubi\u0105 je robi\u0107, a dzieci je\u015b\u0107 &#8211;&hellip;<\/p>\n","protected":false},"author":7,"featured_media":2587,"comment_status":"open","ping_status":"open","sticky":true,"template":"","format":"standard","meta":{"footnotes":""},"categories":[5,6],"tags":[32,66,67],"class_list":["post-2586","post","type-post","status-publish","format-standard","has-post-thumbnail","hentry","category-sniadania","category-podwieczorki-przekaski","tag-placki","tag-zurawina","tag-mleko-kokosowe"],"yoast_head":"<!-- This site is optimized with the Yoast SEO plugin v25.9 - https:\/\/yoast.com\/wordpress\/plugins\/seo\/ -->\n<title>Owocowe placki z kasz\u0105 mann\u0105 i \u017curawin\u0105 - U Wojtusia na talerzu<\/title>\n<meta name=\"robots\" content=\"index, follow, max-snippet:-1, max-image-preview:large, max-video-preview:-1\" \/>\n<link rel=\"canonical\" href=\"https:\/\/uwojtusianatalerzu.pl\/?p=2586\" \/>\n<meta property=\"og:locale\" content=\"pl_PL\" \/>\n<meta property=\"og:type\" content=\"article\" \/>\n<meta property=\"og:title\" content=\"Owocowe placki z kasz\u0105 mann\u0105 i \u017curawin\u0105 - U Wojtusia na talerzu\" \/>\n<meta property=\"og:description\" content=\"O nieee, znowu placki&#8230; a no pewnie, \u017ce znowu, bo placki s\u0105 fajne przecie\u017c! Mamy lubi\u0105 je robi\u0107, a dzieci je\u015b\u0107 &#8211;&hellip;\" \/>\n<meta property=\"og:url\" content=\"https:\/\/uwojtusianatalerzu.pl\/?p=2586\" \/>\n<meta property=\"og:site_name\" content=\"U Wojtusia na talerzu\" \/>\n<meta property=\"article:published_time\" content=\"2020-10-29T21:02:57+00:00\" \/>\n<meta property=\"article:modified_time\" content=\"2020-10-29T21:02:59+00:00\" \/>\n<meta property=\"og:image\" content=\"https:\/\/uwojtusianatalerzu.pl\/wp-content\/uploads\/2020\/10\/IMG_5872.jpg\" \/>\n\t<meta property=\"og:image:width\" content=\"1512\" \/>\n\t<meta property=\"og:image:height\" content=\"2016\" \/>\n\t<meta property=\"og:image:type\" content=\"image\/jpeg\" \/>\n<meta name=\"author\" content=\"Michalina\" \/>\n<meta name=\"twitter:card\" content=\"summary_large_image\" \/>\n<meta name=\"twitter:label1\" content=\"Napisane przez\" \/>\n\t<meta name=\"twitter:data1\" content=\"Michalina\" \/>\n\t<meta name=\"twitter:label2\" content=\"Szacowany czas czytania\" \/>\n\t<meta name=\"twitter:data2\" content=\"1 minuta\" \/>\n<script type=\"application\/ld+json\" class=\"yoast-schema-graph\">{\"@context\":\"https:\/\/schema.org\",\"@graph\":[{\"@type\":\"WebPage\",\"@id\":\"https:\/\/uwojtusianatalerzu.pl\/?p=2586\",\"url\":\"https:\/\/uwojtusianatalerzu.pl\/?p=2586\",\"name\":\"Owocowe placki z kasz\u0105 mann\u0105 i \u017curawin\u0105 - U Wojtusia na talerzu\",\"isPartOf\":{\"@id\":\"https:\/\/uwojtusianatalerzu.pl\/#website\"},\"primaryImageOfPage\":{\"@id\":\"https:\/\/uwojtusianatalerzu.pl\/?p=2586#primaryimage\"},\"image\":{\"@id\":\"https:\/\/uwojtusianatalerzu.pl\/?p=2586#primaryimage\"},\"thumbnailUrl\":\"https:\/\/uwojtusianatalerzu.pl\/wp-content\/uploads\/2020\/10\/IMG_5872.jpg\",\"datePublished\":\"2020-10-29T21:02:57+00:00\",\"dateModified\":\"2020-10-29T21:02:59+00:00\",\"author\":{\"@id\":\"https:\/\/uwojtusianatalerzu.pl\/#\/schema\/person\/79e29e86eb404b8101bb20866f135de5\"},\"breadcrumb\":{\"@id\":\"https:\/\/uwojtusianatalerzu.pl\/?p=2586#breadcrumb\"},\"inLanguage\":\"pl-PL\",\"potentialAction\":[{\"@type\":\"ReadAction\",\"target\":[\"https:\/\/uwojtusianatalerzu.pl\/?p=2586\"]}]},{\"@type\":\"ImageObject\",\"inLanguage\":\"pl-PL\",\"@id\":\"https:\/\/uwojtusianatalerzu.pl\/?p=2586#primaryimage\",\"url\":\"https:\/\/uwojtusianatalerzu.pl\/wp-content\/uploads\/2020\/10\/IMG_5872.jpg\",\"contentUrl\":\"https:\/\/uwojtusianatalerzu.pl\/wp-content\/uploads\/2020\/10\/IMG_5872.jpg\",\"width\":1512,\"height\":2016},{\"@type\":\"BreadcrumbList\",\"@id\":\"https:\/\/uwojtusianatalerzu.pl\/?p=2586#breadcrumb\",\"itemListElement\":[{\"@type\":\"ListItem\",\"position\":1,\"name\":\"Strona g\u0142\u00f3wna\",\"item\":\"https:\/\/uwojtusianatalerzu.pl\/\"},{\"@type\":\"ListItem\",\"position\":2,\"name\":\"Owocowe placki z kasz\u0105 mann\u0105 i \u017curawin\u0105\"}]},{\"@type\":\"WebSite\",\"@id\":\"https:\/\/uwojtusianatalerzu.pl\/#website\",\"url\":\"https:\/\/uwojtusianatalerzu.pl\/\",\"name\":\"U Wojtusia na talerzu\",\"description\":\"U Wojtusia na talerzu to strona po\u015bwi\u0119cona \u017cywieniu dzieci od niemowlaka do starszaka\",\"potentialAction\":[{\"@type\":\"SearchAction\",\"target\":{\"@type\":\"EntryPoint\",\"urlTemplate\":\"https:\/\/uwojtusianatalerzu.pl\/?s={search_term_string}\"},\"query-input\":{\"@type\":\"PropertyValueSpecification\",\"valueRequired\":true,\"valueName\":\"search_term_string\"}}],\"inLanguage\":\"pl-PL\"},{\"@type\":\"Person\",\"@id\":\"https:\/\/uwojtusianatalerzu.pl\/#\/schema\/person\/79e29e86eb404b8101bb20866f135de5\",\"name\":\"Michalina\",\"image\":{\"@type\":\"ImageObject\",\"inLanguage\":\"pl-PL\",\"@id\":\"https:\/\/uwojtusianatalerzu.pl\/#\/schema\/person\/image\/\",\"url\":\"https:\/\/secure.gravatar.com\/avatar\/fc8dddf00a7e5b1b397e79c56fd58fb7f474bbdb447047b345a4afedc0929a7f?s=96&d=mm&r=g\",\"contentUrl\":\"https:\/\/secure.gravatar.com\/avatar\/fc8dddf00a7e5b1b397e79c56fd58fb7f474bbdb447047b345a4afedc0929a7f?s=96&d=mm&r=g\",\"caption\":\"Michalina\"},\"url\":\"https:\/\/uwojtusianatalerzu.pl\/?author=7\"}]}<\/script>\n<!-- \/ Yoast SEO plugin. -->","yoast_head_json":{"title":"Owocowe placki z kasz\u0105 mann\u0105 i \u017curawin\u0105 - U Wojtusia na talerzu","robots":{"index":"index","follow":"follow","max-snippet":"max-snippet:-1","max-image-preview":"max-image-preview:large","max-video-preview":"max-video-preview:-1"},"canonical":"https:\/\/uwojtusianatalerzu.pl\/?p=2586","og_locale":"pl_PL","og_type":"article","og_title":"Owocowe placki z kasz\u0105 mann\u0105 i \u017curawin\u0105 - U Wojtusia na talerzu","og_description":"O nieee, znowu placki&#8230; a no pewnie, \u017ce znowu, bo placki s\u0105 fajne przecie\u017c! Mamy lubi\u0105 je robi\u0107, a dzieci je\u015b\u0107 &#8211;&hellip;","og_url":"https:\/\/uwojtusianatalerzu.pl\/?p=2586","og_site_name":"U Wojtusia na talerzu","article_published_time":"2020-10-29T21:02:57+00:00","article_modified_time":"2020-10-29T21:02:59+00:00","og_image":[{"width":1512,"height":2016,"url":"https:\/\/uwojtusianatalerzu.pl\/wp-content\/uploads\/2020\/10\/IMG_5872.jpg","type":"image\/jpeg"}],"author":"Michalina","twitter_card":"summary_large_image","twitter_misc":{"Napisane przez":"Michalina","Szacowany czas czytania":"1 minuta"},"schema":{"@context":"https:\/\/schema.org","@graph":[{"@type":"WebPage","@id":"https:\/\/uwojtusianatalerzu.pl\/?p=2586","url":"https:\/\/uwojtusianatalerzu.pl\/?p=2586","name":"Owocowe placki z kasz\u0105 mann\u0105 i \u017curawin\u0105 - U Wojtusia na talerzu","isPartOf":{"@id":"https:\/\/uwojtusianatalerzu.pl\/#website"},"primaryImageOfPage":{"@id":"https:\/\/uwojtusianatalerzu.pl\/?p=2586#primaryimage"},"image":{"@id":"https:\/\/uwojtusianatalerzu.pl\/?p=2586#primaryimage"},"thumbnailUrl":"https:\/\/uwojtusianatalerzu.pl\/wp-content\/uploads\/2020\/10\/IMG_5872.jpg","datePublished":"2020-10-29T21:02:57+00:00","dateModified":"2020-10-29T21:02:59+00:00","author":{"@id":"https:\/\/uwojtusianatalerzu.pl\/#\/schema\/person\/79e29e86eb404b8101bb20866f135de5"},"breadcrumb":{"@id":"https:\/\/uwojtusianatalerzu.pl\/?p=2586#breadcrumb"},"inLanguage":"pl-PL","potentialAction":[{"@type":"ReadAction","target":["https:\/\/uwojtusianatalerzu.pl\/?p=2586"]}]},{"@type":"ImageObject","inLanguage":"pl-PL","@id":"https:\/\/uwojtusianatalerzu.pl\/?p=2586#primaryimage","url":"https:\/\/uwojtusianatalerzu.pl\/wp-content\/uploads\/2020\/10\/IMG_5872.jpg","contentUrl":"https:\/\/uwojtusianatalerzu.pl\/wp-content\/uploads\/2020\/10\/IMG_5872.jpg","width":1512,"height":2016},{"@type":"BreadcrumbList","@id":"https:\/\/uwojtusianatalerzu.pl\/?p=2586#breadcrumb","itemListElement":[{"@type":"ListItem","position":1,"name":"Strona g\u0142\u00f3wna","item":"https:\/\/uwojtusianatalerzu.pl\/"},{"@type":"ListItem","position":2,"name":"Owocowe placki z kasz\u0105 mann\u0105 i \u017curawin\u0105"}]},{"@type":"WebSite","@id":"https:\/\/uwojtusianatalerzu.pl\/#website","url":"https:\/\/uwojtusianatalerzu.pl\/","name":"U Wojtusia na talerzu","description":"U Wojtusia na talerzu to strona po\u015bwi\u0119cona \u017cywieniu dzieci od niemowlaka do starszaka","potentialAction":[{"@type":"SearchAction","target":{"@type":"EntryPoint","urlTemplate":"https:\/\/uwojtusianatalerzu.pl\/?s={search_term_string}"},"query-input":{"@type":"PropertyValueSpecification","valueRequired":true,"valueName":"search_term_string"}}],"inLanguage":"pl-PL"},{"@type":"Person","@id":"https:\/\/uwojtusianatalerzu.pl\/#\/schema\/person\/79e29e86eb404b8101bb20866f135de5","name":"Michalina","image":{"@type":"ImageObject","inLanguage":"pl-PL","@id":"https:\/\/uwojtusianatalerzu.pl\/#\/schema\/person\/image\/","url":"https:\/\/secure.gravatar.com\/avatar\/fc8dddf00a7e5b1b397e79c56fd58fb7f474bbdb447047b345a4afedc0929a7f?s=96&d=mm&r=g","contentUrl":"https:\/\/secure.gravatar.com\/avatar\/fc8dddf00a7e5b1b397e79c56fd58fb7f474bbdb447047b345a4afedc0929a7f?s=96&d=mm&r=g","caption":"Michalina"},"url":"https:\/\/uwojtusianatalerzu.pl\/?author=7"}]}},"_links":{"self":[{"href":"https:\/\/uwojtusianatalerzu.pl\/index.php?rest_route=\/wp\/v2\/posts\/2586","targetHints":{"allow":["GET"]}}],"collection":[{"href":"https:\/\/uwojtusianatalerzu.pl\/index.php?rest_route=\/wp\/v2\/posts"}],"about":[{"href":"https:\/\/uwojtusianatalerzu.pl\/index.php?rest_route=\/wp\/v2\/types\/post"}],"author":[{"embeddable":true,"href":"https:\/\/uwojtusianatalerzu.pl\/index.php?rest_route=\/wp\/v2\/users\/7"}],"replies":[{"embeddable":true,"href":"https:\/\/uwojtusianatalerzu.pl\/index.php?rest_route=%2Fwp%2Fv2%2Fcomments&post=2586"}],"version-history":[{"count":1,"href":"https:\/\/uwojtusianatalerzu.pl\/index.php?rest_route=\/wp\/v2\/posts\/2586\/revisions"}],"predecessor-version":[{"id":2588,"href":"https:\/\/uwojtusianatalerzu.pl\/index.php?rest_route=\/wp\/v2\/posts\/2586\/revisions\/2588"}],"wp:featuredmedia":[{"embeddable":true,"href":"https:\/\/uwojtusianatalerzu.pl\/index.php?rest_route=\/wp\/v2\/media\/2587"}],"wp:attachment":[{"href":"https:\/\/uwojtusianatalerzu.pl\/index.php?rest_route=%2Fwp%2Fv2%2Fmedia&parent=2586"}],"wp:term":[{"taxonomy":"category","embeddable":true,"href":"https:\/\/uwojtusianatalerzu.pl\/index.php?rest_route=%2Fwp%2Fv2%2Fcategories&post=2586"},{"taxonomy":"post_tag","embeddable":true,"href":"https:\/\/uwojtusianatalerzu.pl\/index.php?rest_route=%2Fwp%2Fv2%2Ftags&post=2586"}],"curies":[{"name":"wp","href":"https:\/\/api.w.org\/{rel}","templated":true}]}}