{"id":2566,"date":"2020-10-25T20:39:43","date_gmt":"2020-10-25T20:39:43","guid":{"rendered":"http:\/\/uwojtusianatalerzu.pl\/?p=2566"},"modified":"2020-10-25T20:39:45","modified_gmt":"2020-10-25T20:39:45","slug":"pomaranczowe-cantuccini","status":"publish","type":"post","link":"https:\/\/uwojtusianatalerzu.pl\/?p=2566","title":{"rendered":"Pomara\u0144czowe cantuccini"},"content":{"rendered":"\n<hr class=\"wp-block-separator is-style-wide\"\/>\n\n\n\n<p>Czy s\u0105 ciastka idealne? Pewnie, \u017ce s\u0105! Co wi\u0119cej! Powiem Wam jak mo\u017cna je przygotowa\u0107! S\u0105 naprawd\u0119 pyszne i tak uniwersalne, \u017ce mo\u017cna je zrobi\u0107 na milion sposob\u00f3w! My dzi\u015b wymy\u015blili\u015bmy sobie takie &#8211; pomara\u0144czowe, lekko s\u0142odkie i orze\u017awiaj\u0105ce. Co\u015b czuje, ze w najbli\u017cszym czasie zobaczycie u nas kilka wariacji na temat tych ciastek, bo to prawdziwa petarda!<\/p>\n\n\n\n<p>Nadaj\u0105 si\u0119 dla wszystkich &#8211; od malucha do starszaka! Tak naprawd\u0119 mo\u017cna je zrobi\u0107 bez dodatku s\u0142odzika, ale nie ukrywam, ze dopiero na s\u0142odko maja sw\u00f3j urok.<\/p>\n\n\n\n<p>Sk\u0142adniki na ok. 40 ma\u0142ych ciastek:<br>\u2022 250 g m\u0105ki pszennej<br>\u2022 2 jajka<br>\u2022 30g mas\u0142a<br>\u2022 2 \u0142y\u017cki soku z pomara\u0144czy<br>\u2022 sk\u00f3rka z 1 pomara\u0144czy (wyparzonej)<br>\u2022 \u0142y\u017ceczka proszku do pieczenia<br>\u2022 szczypta soli<br>\u2022 3 \u0142y\u017cki miodu (nie mo\u017ce by\u0107 p\u0142ynny) lub 100 g erytrytolu\/<br>ksylitolu<br>\u2022 odrobina wanilii<\/p>\n\n\n\n<hr class=\"wp-block-separator is-style-wide\"\/>\n\n\n\n<p>Przygotowanie:<\/p>\n\n\n\n<p>Wszystkie sk\u0142adniki umie\u015bci\u0107 w misce i wymiesza\u0107 dok\u0142adnie r\u0119k\u0105 lub hakiem do ciasta. Wyrobi\u0107 na g\u0142adk\u0105 mas\u0119 (w konsystencji powinna przypomina\u0107 mas\u0119 na kruche ciasto), uformowa\u0107 w kulk\u0119, owin\u0105\u0107 foli\u0105 i wstawi\u0107 na 30 min do lod\u00f3wki. Po tym czasie ciasto wyj\u0105\u0107 i podzieli\u0107 na 3 cz\u0119\u015bci. Z ka\u017cdej uformowa\u0107 rulon o \u015brednicy ok. 4-5 cm. W odst\u0119pach u\u0142o\u017cy\u0107 na blasze i piec ok. 15-17 min w 200 stopniach (g\u00f3ra-d\u00f3\u0142). Po tym czasie wyj\u0105\u0107 z piekarnika i chwil\u0119 ostudzi\u0107. Nast\u0119pnie ruloniki pokroi\u0107 no\u017cem w ok. 2 cm ciastka. Wstawi\u0107 do piekarnika nagrzanego do 200 stopni na kolejne 10 min. Ciastka s\u0105 pyszne jeszcze lekko ciep\u0142e, na zimno twardniej\u0105 &#8211; tak ma by\u0107! To jest w\u0142a\u015bnie urok cantuccini? mo\u017cna je przechowywa\u0107 w zamkni\u0119tym pojemniku nawet do 2 tygodni, ale zapewniam, nie przetrwaj\u0105 tyle w ukryciu \u2764\ufe0f<\/p>\n\n\n\n<p><a href=\"https:\/\/www.instagram.com\/explore\/tags\/mniam\/\">#mniam<\/a><a href=\"https:\/\/www.instagram.com\/explore\/tags\/pycha\/\">#pycha<\/a><a href=\"https:\/\/www.instagram.com\/explore\/tags\/pyszne\/\">#pyszne<\/a><a href=\"https:\/\/www.instagram.com\/explore\/tags\/fitprzepisy\/\">#fitprzepisy<\/a><a href=\"https:\/\/www.instagram.com\/explore\/tags\/ciastka\/\">#ciastka<\/a><a href=\"https:\/\/www.instagram.com\/explore\/tags\/podwieczorek\/\">#podwieczorek<\/a><a href=\"https:\/\/www.instagram.com\/explore\/tags\/dladziecka\/\">#dladziecka<\/a><a href=\"https:\/\/www.instagram.com\/explore\/tags\/rozszerzaniediety\/\">#rozszerzaniediety<\/a><a href=\"https:\/\/www.instagram.com\/explore\/tags\/dladzieci\/\">#dladzieci<\/a><a href=\"https:\/\/www.instagram.com\/explore\/tags\/jedzeniedladzieci\/\">#jedzeniedladzieci<\/a><a href=\"https:\/\/www.instagram.com\/explore\/tags\/fitprzepis\/\">#fitprzepis<\/a><a href=\"https:\/\/www.instagram.com\/explore\/tags\/jemzdrowo\/\">#jemzdrowo<\/a><a href=\"https:\/\/www.instagram.com\/explore\/tags\/przek%C4%85ska\/\">#przek\u0105ska<\/a><a href=\"https:\/\/www.instagram.com\/explore\/tags\/przek%C4%85ski\/\">#przek\u0105ski<\/a><a href=\"https:\/\/www.instagram.com\/explore\/tags\/bobaslubiwybor\/\">#bobaslubiwybor<\/a><a href=\"https:\/\/www.instagram.com\/explore\/tags\/bobaslubiwyb%C3%B3r\/\">#bobaslubiwyb\u00f3r<\/a><a href=\"https:\/\/www.instagram.com\/explore\/tags\/blw\/\">#blw<\/a><a href=\"https:\/\/www.instagram.com\/explore\/tags\/blwpolska\/\">#blwpolska<\/a><a href=\"https:\/\/www.instagram.com\/explore\/tags\/blwmama\/\">#blwmama<\/a><a href=\"https:\/\/www.instagram.com\/explore\/tags\/blwprzepisy\/\">#blwprzepisy<\/a><a href=\"https:\/\/www.instagram.com\/explore\/tags\/przepisyblw\/\">#przepisyblw<\/a><a href=\"https:\/\/www.instagram.com\/explore\/tags\/dieta\/\">#dieta<\/a><a href=\"https:\/\/www.instagram.com\/explore\/tags\/dietadziecka\/\">#dietadziecka<\/a><\/p>\n","protected":false},"excerpt":{"rendered":"<p>Czy s\u0105 ciastka idealne? Pewnie, \u017ce s\u0105! Co wi\u0119cej! Powiem Wam jak mo\u017cna je przygotowa\u0107! S\u0105 naprawd\u0119 pyszne i tak uniwersalne, \u017ce&hellip;<\/p>\n","protected":false},"author":7,"featured_media":2540,"comment_status":"open","ping_status":"open","sticky":true,"template":"","format":"standard","meta":{"footnotes":""},"categories":[6],"tags":[50],"class_list":["post-2566","post","type-post","status-publish","format-standard","has-post-thumbnail","hentry","category-podwieczorki-przekaski","tag-ciastka"],"yoast_head":"<!-- This site is optimized with the Yoast SEO plugin v25.9 - https:\/\/yoast.com\/wordpress\/plugins\/seo\/ -->\n<title>Pomara\u0144czowe cantuccini - U Wojtusia na talerzu<\/title>\n<meta name=\"robots\" content=\"index, follow, max-snippet:-1, max-image-preview:large, max-video-preview:-1\" \/>\n<link rel=\"canonical\" href=\"https:\/\/uwojtusianatalerzu.pl\/?p=2566\" \/>\n<meta property=\"og:locale\" content=\"pl_PL\" \/>\n<meta property=\"og:type\" content=\"article\" \/>\n<meta property=\"og:title\" content=\"Pomara\u0144czowe cantuccini - U Wojtusia na talerzu\" \/>\n<meta property=\"og:description\" content=\"Czy s\u0105 ciastka idealne? Pewnie, \u017ce s\u0105! Co wi\u0119cej! Powiem Wam jak mo\u017cna je przygotowa\u0107! S\u0105 naprawd\u0119 pyszne i tak uniwersalne, \u017ce&hellip;\" \/>\n<meta property=\"og:url\" content=\"https:\/\/uwojtusianatalerzu.pl\/?p=2566\" \/>\n<meta property=\"og:site_name\" content=\"U Wojtusia na talerzu\" \/>\n<meta property=\"article:published_time\" content=\"2020-10-25T20:39:43+00:00\" \/>\n<meta property=\"article:modified_time\" content=\"2020-10-25T20:39:45+00:00\" \/>\n<meta property=\"og:image\" content=\"https:\/\/uwojtusianatalerzu.pl\/wp-content\/uploads\/2020\/10\/IMG_5092-1-rotated.jpg\" \/>\n\t<meta property=\"og:image:width\" content=\"1512\" \/>\n\t<meta property=\"og:image:height\" content=\"2016\" \/>\n\t<meta property=\"og:image:type\" content=\"image\/jpeg\" \/>\n<meta name=\"author\" content=\"Michalina\" \/>\n<meta name=\"twitter:card\" content=\"summary_large_image\" \/>\n<meta name=\"twitter:label1\" content=\"Napisane przez\" \/>\n\t<meta name=\"twitter:data1\" content=\"Michalina\" \/>\n\t<meta name=\"twitter:label2\" content=\"Szacowany czas czytania\" \/>\n\t<meta name=\"twitter:data2\" content=\"2 minuty\" \/>\n<script type=\"application\/ld+json\" class=\"yoast-schema-graph\">{\"@context\":\"https:\/\/schema.org\",\"@graph\":[{\"@type\":\"WebPage\",\"@id\":\"https:\/\/uwojtusianatalerzu.pl\/?p=2566\",\"url\":\"https:\/\/uwojtusianatalerzu.pl\/?p=2566\",\"name\":\"Pomara\u0144czowe cantuccini - U Wojtusia na talerzu\",\"isPartOf\":{\"@id\":\"https:\/\/uwojtusianatalerzu.pl\/#website\"},\"primaryImageOfPage\":{\"@id\":\"https:\/\/uwojtusianatalerzu.pl\/?p=2566#primaryimage\"},\"image\":{\"@id\":\"https:\/\/uwojtusianatalerzu.pl\/?p=2566#primaryimage\"},\"thumbnailUrl\":\"https:\/\/uwojtusianatalerzu.pl\/wp-content\/uploads\/2020\/10\/IMG_5092-1-rotated.jpg\",\"datePublished\":\"2020-10-25T20:39:43+00:00\",\"dateModified\":\"2020-10-25T20:39:45+00:00\",\"author\":{\"@id\":\"https:\/\/uwojtusianatalerzu.pl\/#\/schema\/person\/79e29e86eb404b8101bb20866f135de5\"},\"breadcrumb\":{\"@id\":\"https:\/\/uwojtusianatalerzu.pl\/?p=2566#breadcrumb\"},\"inLanguage\":\"pl-PL\",\"potentialAction\":[{\"@type\":\"ReadAction\",\"target\":[\"https:\/\/uwojtusianatalerzu.pl\/?p=2566\"]}]},{\"@type\":\"ImageObject\",\"inLanguage\":\"pl-PL\",\"@id\":\"https:\/\/uwojtusianatalerzu.pl\/?p=2566#primaryimage\",\"url\":\"https:\/\/uwojtusianatalerzu.pl\/wp-content\/uploads\/2020\/10\/IMG_5092-1-rotated.jpg\",\"contentUrl\":\"https:\/\/uwojtusianatalerzu.pl\/wp-content\/uploads\/2020\/10\/IMG_5092-1-rotated.jpg\",\"width\":1512,\"height\":2016},{\"@type\":\"BreadcrumbList\",\"@id\":\"https:\/\/uwojtusianatalerzu.pl\/?p=2566#breadcrumb\",\"itemListElement\":[{\"@type\":\"ListItem\",\"position\":1,\"name\":\"Strona g\u0142\u00f3wna\",\"item\":\"https:\/\/uwojtusianatalerzu.pl\/\"},{\"@type\":\"ListItem\",\"position\":2,\"name\":\"Pomara\u0144czowe cantuccini\"}]},{\"@type\":\"WebSite\",\"@id\":\"https:\/\/uwojtusianatalerzu.pl\/#website\",\"url\":\"https:\/\/uwojtusianatalerzu.pl\/\",\"name\":\"U Wojtusia na talerzu\",\"description\":\"U Wojtusia na talerzu to strona po\u015bwi\u0119cona \u017cywieniu dzieci od niemowlaka do starszaka\",\"potentialAction\":[{\"@type\":\"SearchAction\",\"target\":{\"@type\":\"EntryPoint\",\"urlTemplate\":\"https:\/\/uwojtusianatalerzu.pl\/?s={search_term_string}\"},\"query-input\":{\"@type\":\"PropertyValueSpecification\",\"valueRequired\":true,\"valueName\":\"search_term_string\"}}],\"inLanguage\":\"pl-PL\"},{\"@type\":\"Person\",\"@id\":\"https:\/\/uwojtusianatalerzu.pl\/#\/schema\/person\/79e29e86eb404b8101bb20866f135de5\",\"name\":\"Michalina\",\"image\":{\"@type\":\"ImageObject\",\"inLanguage\":\"pl-PL\",\"@id\":\"https:\/\/uwojtusianatalerzu.pl\/#\/schema\/person\/image\/\",\"url\":\"https:\/\/secure.gravatar.com\/avatar\/fc8dddf00a7e5b1b397e79c56fd58fb7f474bbdb447047b345a4afedc0929a7f?s=96&d=mm&r=g\",\"contentUrl\":\"https:\/\/secure.gravatar.com\/avatar\/fc8dddf00a7e5b1b397e79c56fd58fb7f474bbdb447047b345a4afedc0929a7f?s=96&d=mm&r=g\",\"caption\":\"Michalina\"},\"url\":\"https:\/\/uwojtusianatalerzu.pl\/?author=7\"}]}<\/script>\n<!-- \/ Yoast SEO plugin. -->","yoast_head_json":{"title":"Pomara\u0144czowe cantuccini - U Wojtusia na talerzu","robots":{"index":"index","follow":"follow","max-snippet":"max-snippet:-1","max-image-preview":"max-image-preview:large","max-video-preview":"max-video-preview:-1"},"canonical":"https:\/\/uwojtusianatalerzu.pl\/?p=2566","og_locale":"pl_PL","og_type":"article","og_title":"Pomara\u0144czowe cantuccini - U Wojtusia na talerzu","og_description":"Czy s\u0105 ciastka idealne? Pewnie, \u017ce s\u0105! Co wi\u0119cej! Powiem Wam jak mo\u017cna je przygotowa\u0107! S\u0105 naprawd\u0119 pyszne i tak uniwersalne, \u017ce&hellip;","og_url":"https:\/\/uwojtusianatalerzu.pl\/?p=2566","og_site_name":"U Wojtusia na talerzu","article_published_time":"2020-10-25T20:39:43+00:00","article_modified_time":"2020-10-25T20:39:45+00:00","og_image":[{"width":1512,"height":2016,"url":"https:\/\/uwojtusianatalerzu.pl\/wp-content\/uploads\/2020\/10\/IMG_5092-1-rotated.jpg","type":"image\/jpeg"}],"author":"Michalina","twitter_card":"summary_large_image","twitter_misc":{"Napisane przez":"Michalina","Szacowany czas czytania":"2 minuty"},"schema":{"@context":"https:\/\/schema.org","@graph":[{"@type":"WebPage","@id":"https:\/\/uwojtusianatalerzu.pl\/?p=2566","url":"https:\/\/uwojtusianatalerzu.pl\/?p=2566","name":"Pomara\u0144czowe cantuccini - U Wojtusia na talerzu","isPartOf":{"@id":"https:\/\/uwojtusianatalerzu.pl\/#website"},"primaryImageOfPage":{"@id":"https:\/\/uwojtusianatalerzu.pl\/?p=2566#primaryimage"},"image":{"@id":"https:\/\/uwojtusianatalerzu.pl\/?p=2566#primaryimage"},"thumbnailUrl":"https:\/\/uwojtusianatalerzu.pl\/wp-content\/uploads\/2020\/10\/IMG_5092-1-rotated.jpg","datePublished":"2020-10-25T20:39:43+00:00","dateModified":"2020-10-25T20:39:45+00:00","author":{"@id":"https:\/\/uwojtusianatalerzu.pl\/#\/schema\/person\/79e29e86eb404b8101bb20866f135de5"},"breadcrumb":{"@id":"https:\/\/uwojtusianatalerzu.pl\/?p=2566#breadcrumb"},"inLanguage":"pl-PL","potentialAction":[{"@type":"ReadAction","target":["https:\/\/uwojtusianatalerzu.pl\/?p=2566"]}]},{"@type":"ImageObject","inLanguage":"pl-PL","@id":"https:\/\/uwojtusianatalerzu.pl\/?p=2566#primaryimage","url":"https:\/\/uwojtusianatalerzu.pl\/wp-content\/uploads\/2020\/10\/IMG_5092-1-rotated.jpg","contentUrl":"https:\/\/uwojtusianatalerzu.pl\/wp-content\/uploads\/2020\/10\/IMG_5092-1-rotated.jpg","width":1512,"height":2016},{"@type":"BreadcrumbList","@id":"https:\/\/uwojtusianatalerzu.pl\/?p=2566#breadcrumb","itemListElement":[{"@type":"ListItem","position":1,"name":"Strona g\u0142\u00f3wna","item":"https:\/\/uwojtusianatalerzu.pl\/"},{"@type":"ListItem","position":2,"name":"Pomara\u0144czowe cantuccini"}]},{"@type":"WebSite","@id":"https:\/\/uwojtusianatalerzu.pl\/#website","url":"https:\/\/uwojtusianatalerzu.pl\/","name":"U Wojtusia na talerzu","description":"U Wojtusia na talerzu to strona po\u015bwi\u0119cona \u017cywieniu dzieci od niemowlaka do starszaka","potentialAction":[{"@type":"SearchAction","target":{"@type":"EntryPoint","urlTemplate":"https:\/\/uwojtusianatalerzu.pl\/?s={search_term_string}"},"query-input":{"@type":"PropertyValueSpecification","valueRequired":true,"valueName":"search_term_string"}}],"inLanguage":"pl-PL"},{"@type":"Person","@id":"https:\/\/uwojtusianatalerzu.pl\/#\/schema\/person\/79e29e86eb404b8101bb20866f135de5","name":"Michalina","image":{"@type":"ImageObject","inLanguage":"pl-PL","@id":"https:\/\/uwojtusianatalerzu.pl\/#\/schema\/person\/image\/","url":"https:\/\/secure.gravatar.com\/avatar\/fc8dddf00a7e5b1b397e79c56fd58fb7f474bbdb447047b345a4afedc0929a7f?s=96&d=mm&r=g","contentUrl":"https:\/\/secure.gravatar.com\/avatar\/fc8dddf00a7e5b1b397e79c56fd58fb7f474bbdb447047b345a4afedc0929a7f?s=96&d=mm&r=g","caption":"Michalina"},"url":"https:\/\/uwojtusianatalerzu.pl\/?author=7"}]}},"_links":{"self":[{"href":"https:\/\/uwojtusianatalerzu.pl\/index.php?rest_route=\/wp\/v2\/posts\/2566","targetHints":{"allow":["GET"]}}],"collection":[{"href":"https:\/\/uwojtusianatalerzu.pl\/index.php?rest_route=\/wp\/v2\/posts"}],"about":[{"href":"https:\/\/uwojtusianatalerzu.pl\/index.php?rest_route=\/wp\/v2\/types\/post"}],"author":[{"embeddable":true,"href":"https:\/\/uwojtusianatalerzu.pl\/index.php?rest_route=\/wp\/v2\/users\/7"}],"replies":[{"embeddable":true,"href":"https:\/\/uwojtusianatalerzu.pl\/index.php?rest_route=%2Fwp%2Fv2%2Fcomments&post=2566"}],"version-history":[{"count":1,"href":"https:\/\/uwojtusianatalerzu.pl\/index.php?rest_route=\/wp\/v2\/posts\/2566\/revisions"}],"predecessor-version":[{"id":2567,"href":"https:\/\/uwojtusianatalerzu.pl\/index.php?rest_route=\/wp\/v2\/posts\/2566\/revisions\/2567"}],"wp:featuredmedia":[{"embeddable":true,"href":"https:\/\/uwojtusianatalerzu.pl\/index.php?rest_route=\/wp\/v2\/media\/2540"}],"wp:attachment":[{"href":"https:\/\/uwojtusianatalerzu.pl\/index.php?rest_route=%2Fwp%2Fv2%2Fmedia&parent=2566"}],"wp:term":[{"taxonomy":"category","embeddable":true,"href":"https:\/\/uwojtusianatalerzu.pl\/index.php?rest_route=%2Fwp%2Fv2%2Fcategories&post=2566"},{"taxonomy":"post_tag","embeddable":true,"href":"https:\/\/uwojtusianatalerzu.pl\/index.php?rest_route=%2Fwp%2Fv2%2Ftags&post=2566"}],"curies":[{"name":"wp","href":"https:\/\/api.w.org\/{rel}","templated":true}]}}