{"id":2548,"date":"2020-10-23T11:58:30","date_gmt":"2020-10-23T11:58:30","guid":{"rendered":"http:\/\/uwojtusianatalerzu.pl\/?p=2548"},"modified":"2020-10-23T11:58:31","modified_gmt":"2020-10-23T11:58:31","slug":"makaronowe-kotleciki-ze-szpinakiem-i-papryka","status":"publish","type":"post","link":"https:\/\/uwojtusianatalerzu.pl\/?p=2548","title":{"rendered":"Makaronowe kotleciki ze szpinakiem i papryk\u0105"},"content":{"rendered":"\n<hr class=\"wp-block-separator is-style-wide\"\/>\n\n\n\n<p>Chyba jeszcze nigdy nie wymierzy\u0142am z ilo\u015bci\u0105 makaronu na obiad. Zawsze ugotuj\u0119 go za du\u017co lub za ma\u0142o. Zazwyczaj oczywi\u015bcie za du\u017co! Jaki\u015b czas temu znalaz\u0142am spos\u00f3b na wykorzystanie ugotowanego makaronu. Tym w\u0142a\u015bnie sposobem s\u0105 makaronowe kotleciki z piekarnika! Dla mnie to idealny spos\u00f3b na czyszczenie lod\u00f3wki, bo mo\u017cna do nich doda\u0107 praktycznie wszystko: warzywa, szynk\u0119, zwi\u0119d\u0142\u0105 pietruszk\u0119, ser i wszystko inne co tylko chcecie!<\/p>\n\n\n\n<p>Sk\u0142adniki na ok. 9 kotlecik\u00f3w:<br>\u2022 ok. 250 g makaronu<br>\u2022 1 jajko<br>\u2022 p\u00f3\u0142 papryki<br>\u2022 du\u017ca gar\u015b\u0107 \u015bwie\u017cego szpinaku<br>\u2022 80g tartego sera<br>\u2022 2 \u0142y\u017cki puree z dyni<br>\u2022 przyprawy: czosnek, pieprz, szczypta soli (je\u015bli nie uzyliscie do gotowania makaronu)<\/p>\n\n\n\n<hr class=\"wp-block-separator is-style-wide\"\/>\n\n\n\n<p>Przygotowanie:<\/p>\n\n\n\n<p>Makaron umie\u015bci\u0107 w wysokim naczyniu i zblendowa\u0107 razem ze szpinakiem, jajkiem i dyni\u0105. Doda\u0107 pokrojon\u0105 w kostk\u0119 papryk\u0119 i wymiesza\u0107 \u0142y\u017ck\u0105. Doda\u0107 przyprawy, ser i wymiesza\u0107 ponownie. Z powsta\u0142ej masy uformowa\u0107 kotleciki i wy\u0142o\u017cy\u0107 na blach\u0119 wy\u0142o\u017cona papierem do pieczenia. Piec ok. 30-35 min w 180 stopniach (pod koniec w\u0142\u0105czamy termoobieg).<\/p>\n","protected":false},"excerpt":{"rendered":"<p>Chyba jeszcze nigdy nie wymierzy\u0142am z ilo\u015bci\u0105 makaronu na obiad. Zawsze ugotuj\u0119 go za du\u017co lub za ma\u0142o. Zazwyczaj oczywi\u015bcie za du\u017co!&hellip;<\/p>\n","protected":false},"author":7,"featured_media":2543,"comment_status":"open","ping_status":"open","sticky":true,"template":"","format":"standard","meta":{"footnotes":""},"categories":[2],"tags":[56,38,55],"class_list":["post-2548","post","type-post","status-publish","format-standard","has-post-thumbnail","hentry","category-kolacje","tag-makaron","tag-kolacja","tag-kotleciki"],"yoast_head":"<!-- This site is optimized with the Yoast SEO plugin v25.9 - https:\/\/yoast.com\/wordpress\/plugins\/seo\/ -->\n<title>Makaronowe kotleciki ze szpinakiem i papryk\u0105 - U Wojtusia na talerzu<\/title>\n<meta name=\"robots\" content=\"index, follow, max-snippet:-1, max-image-preview:large, max-video-preview:-1\" \/>\n<link rel=\"canonical\" href=\"https:\/\/uwojtusianatalerzu.pl\/?p=2548\" \/>\n<meta property=\"og:locale\" content=\"pl_PL\" \/>\n<meta property=\"og:type\" content=\"article\" \/>\n<meta property=\"og:title\" content=\"Makaronowe kotleciki ze szpinakiem i papryk\u0105 - U Wojtusia na talerzu\" \/>\n<meta property=\"og:description\" content=\"Chyba jeszcze nigdy nie wymierzy\u0142am z ilo\u015bci\u0105 makaronu na obiad. Zawsze ugotuj\u0119 go za du\u017co lub za ma\u0142o. Zazwyczaj oczywi\u015bcie za du\u017co!&hellip;\" \/>\n<meta property=\"og:url\" content=\"https:\/\/uwojtusianatalerzu.pl\/?p=2548\" \/>\n<meta property=\"og:site_name\" content=\"U Wojtusia na talerzu\" \/>\n<meta property=\"article:published_time\" content=\"2020-10-23T11:58:30+00:00\" \/>\n<meta property=\"article:modified_time\" content=\"2020-10-23T11:58:31+00:00\" \/>\n<meta property=\"og:image\" content=\"https:\/\/uwojtusianatalerzu.pl\/wp-content\/uploads\/2020\/10\/IMG_5351-1.jpg\" \/>\n\t<meta property=\"og:image:width\" content=\"1512\" \/>\n\t<meta property=\"og:image:height\" content=\"2016\" \/>\n\t<meta property=\"og:image:type\" content=\"image\/jpeg\" \/>\n<meta name=\"author\" content=\"Michalina\" \/>\n<meta name=\"twitter:card\" content=\"summary_large_image\" \/>\n<meta name=\"twitter:label1\" content=\"Napisane przez\" \/>\n\t<meta name=\"twitter:data1\" content=\"Michalina\" \/>\n\t<meta name=\"twitter:label2\" content=\"Szacowany czas czytania\" \/>\n\t<meta name=\"twitter:data2\" content=\"1 minuta\" \/>\n<script type=\"application\/ld+json\" class=\"yoast-schema-graph\">{\"@context\":\"https:\/\/schema.org\",\"@graph\":[{\"@type\":\"WebPage\",\"@id\":\"https:\/\/uwojtusianatalerzu.pl\/?p=2548\",\"url\":\"https:\/\/uwojtusianatalerzu.pl\/?p=2548\",\"name\":\"Makaronowe kotleciki ze szpinakiem i papryk\u0105 - U Wojtusia na talerzu\",\"isPartOf\":{\"@id\":\"https:\/\/uwojtusianatalerzu.pl\/#website\"},\"primaryImageOfPage\":{\"@id\":\"https:\/\/uwojtusianatalerzu.pl\/?p=2548#primaryimage\"},\"image\":{\"@id\":\"https:\/\/uwojtusianatalerzu.pl\/?p=2548#primaryimage\"},\"thumbnailUrl\":\"https:\/\/uwojtusianatalerzu.pl\/wp-content\/uploads\/2020\/10\/IMG_5351-1.jpg\",\"datePublished\":\"2020-10-23T11:58:30+00:00\",\"dateModified\":\"2020-10-23T11:58:31+00:00\",\"author\":{\"@id\":\"https:\/\/uwojtusianatalerzu.pl\/#\/schema\/person\/79e29e86eb404b8101bb20866f135de5\"},\"breadcrumb\":{\"@id\":\"https:\/\/uwojtusianatalerzu.pl\/?p=2548#breadcrumb\"},\"inLanguage\":\"pl-PL\",\"potentialAction\":[{\"@type\":\"ReadAction\",\"target\":[\"https:\/\/uwojtusianatalerzu.pl\/?p=2548\"]}]},{\"@type\":\"ImageObject\",\"inLanguage\":\"pl-PL\",\"@id\":\"https:\/\/uwojtusianatalerzu.pl\/?p=2548#primaryimage\",\"url\":\"https:\/\/uwojtusianatalerzu.pl\/wp-content\/uploads\/2020\/10\/IMG_5351-1.jpg\",\"contentUrl\":\"https:\/\/uwojtusianatalerzu.pl\/wp-content\/uploads\/2020\/10\/IMG_5351-1.jpg\",\"width\":1512,\"height\":2016},{\"@type\":\"BreadcrumbList\",\"@id\":\"https:\/\/uwojtusianatalerzu.pl\/?p=2548#breadcrumb\",\"itemListElement\":[{\"@type\":\"ListItem\",\"position\":1,\"name\":\"Strona g\u0142\u00f3wna\",\"item\":\"https:\/\/uwojtusianatalerzu.pl\/\"},{\"@type\":\"ListItem\",\"position\":2,\"name\":\"Makaronowe kotleciki ze szpinakiem i papryk\u0105\"}]},{\"@type\":\"WebSite\",\"@id\":\"https:\/\/uwojtusianatalerzu.pl\/#website\",\"url\":\"https:\/\/uwojtusianatalerzu.pl\/\",\"name\":\"U Wojtusia na talerzu\",\"description\":\"U Wojtusia na talerzu to strona po\u015bwi\u0119cona \u017cywieniu dzieci od niemowlaka do starszaka\",\"potentialAction\":[{\"@type\":\"SearchAction\",\"target\":{\"@type\":\"EntryPoint\",\"urlTemplate\":\"https:\/\/uwojtusianatalerzu.pl\/?s={search_term_string}\"},\"query-input\":{\"@type\":\"PropertyValueSpecification\",\"valueRequired\":true,\"valueName\":\"search_term_string\"}}],\"inLanguage\":\"pl-PL\"},{\"@type\":\"Person\",\"@id\":\"https:\/\/uwojtusianatalerzu.pl\/#\/schema\/person\/79e29e86eb404b8101bb20866f135de5\",\"name\":\"Michalina\",\"image\":{\"@type\":\"ImageObject\",\"inLanguage\":\"pl-PL\",\"@id\":\"https:\/\/uwojtusianatalerzu.pl\/#\/schema\/person\/image\/\",\"url\":\"https:\/\/secure.gravatar.com\/avatar\/fc8dddf00a7e5b1b397e79c56fd58fb7f474bbdb447047b345a4afedc0929a7f?s=96&d=mm&r=g\",\"contentUrl\":\"https:\/\/secure.gravatar.com\/avatar\/fc8dddf00a7e5b1b397e79c56fd58fb7f474bbdb447047b345a4afedc0929a7f?s=96&d=mm&r=g\",\"caption\":\"Michalina\"},\"url\":\"https:\/\/uwojtusianatalerzu.pl\/?author=7\"}]}<\/script>\n<!-- \/ Yoast SEO plugin. -->","yoast_head_json":{"title":"Makaronowe kotleciki ze szpinakiem i papryk\u0105 - U Wojtusia na talerzu","robots":{"index":"index","follow":"follow","max-snippet":"max-snippet:-1","max-image-preview":"max-image-preview:large","max-video-preview":"max-video-preview:-1"},"canonical":"https:\/\/uwojtusianatalerzu.pl\/?p=2548","og_locale":"pl_PL","og_type":"article","og_title":"Makaronowe kotleciki ze szpinakiem i papryk\u0105 - U Wojtusia na talerzu","og_description":"Chyba jeszcze nigdy nie wymierzy\u0142am z ilo\u015bci\u0105 makaronu na obiad. Zawsze ugotuj\u0119 go za du\u017co lub za ma\u0142o. Zazwyczaj oczywi\u015bcie za du\u017co!&hellip;","og_url":"https:\/\/uwojtusianatalerzu.pl\/?p=2548","og_site_name":"U Wojtusia na talerzu","article_published_time":"2020-10-23T11:58:30+00:00","article_modified_time":"2020-10-23T11:58:31+00:00","og_image":[{"width":1512,"height":2016,"url":"https:\/\/uwojtusianatalerzu.pl\/wp-content\/uploads\/2020\/10\/IMG_5351-1.jpg","type":"image\/jpeg"}],"author":"Michalina","twitter_card":"summary_large_image","twitter_misc":{"Napisane przez":"Michalina","Szacowany czas czytania":"1 minuta"},"schema":{"@context":"https:\/\/schema.org","@graph":[{"@type":"WebPage","@id":"https:\/\/uwojtusianatalerzu.pl\/?p=2548","url":"https:\/\/uwojtusianatalerzu.pl\/?p=2548","name":"Makaronowe kotleciki ze szpinakiem i papryk\u0105 - U Wojtusia na talerzu","isPartOf":{"@id":"https:\/\/uwojtusianatalerzu.pl\/#website"},"primaryImageOfPage":{"@id":"https:\/\/uwojtusianatalerzu.pl\/?p=2548#primaryimage"},"image":{"@id":"https:\/\/uwojtusianatalerzu.pl\/?p=2548#primaryimage"},"thumbnailUrl":"https:\/\/uwojtusianatalerzu.pl\/wp-content\/uploads\/2020\/10\/IMG_5351-1.jpg","datePublished":"2020-10-23T11:58:30+00:00","dateModified":"2020-10-23T11:58:31+00:00","author":{"@id":"https:\/\/uwojtusianatalerzu.pl\/#\/schema\/person\/79e29e86eb404b8101bb20866f135de5"},"breadcrumb":{"@id":"https:\/\/uwojtusianatalerzu.pl\/?p=2548#breadcrumb"},"inLanguage":"pl-PL","potentialAction":[{"@type":"ReadAction","target":["https:\/\/uwojtusianatalerzu.pl\/?p=2548"]}]},{"@type":"ImageObject","inLanguage":"pl-PL","@id":"https:\/\/uwojtusianatalerzu.pl\/?p=2548#primaryimage","url":"https:\/\/uwojtusianatalerzu.pl\/wp-content\/uploads\/2020\/10\/IMG_5351-1.jpg","contentUrl":"https:\/\/uwojtusianatalerzu.pl\/wp-content\/uploads\/2020\/10\/IMG_5351-1.jpg","width":1512,"height":2016},{"@type":"BreadcrumbList","@id":"https:\/\/uwojtusianatalerzu.pl\/?p=2548#breadcrumb","itemListElement":[{"@type":"ListItem","position":1,"name":"Strona g\u0142\u00f3wna","item":"https:\/\/uwojtusianatalerzu.pl\/"},{"@type":"ListItem","position":2,"name":"Makaronowe kotleciki ze szpinakiem i papryk\u0105"}]},{"@type":"WebSite","@id":"https:\/\/uwojtusianatalerzu.pl\/#website","url":"https:\/\/uwojtusianatalerzu.pl\/","name":"U Wojtusia na talerzu","description":"U Wojtusia na talerzu to strona po\u015bwi\u0119cona \u017cywieniu dzieci od niemowlaka do starszaka","potentialAction":[{"@type":"SearchAction","target":{"@type":"EntryPoint","urlTemplate":"https:\/\/uwojtusianatalerzu.pl\/?s={search_term_string}"},"query-input":{"@type":"PropertyValueSpecification","valueRequired":true,"valueName":"search_term_string"}}],"inLanguage":"pl-PL"},{"@type":"Person","@id":"https:\/\/uwojtusianatalerzu.pl\/#\/schema\/person\/79e29e86eb404b8101bb20866f135de5","name":"Michalina","image":{"@type":"ImageObject","inLanguage":"pl-PL","@id":"https:\/\/uwojtusianatalerzu.pl\/#\/schema\/person\/image\/","url":"https:\/\/secure.gravatar.com\/avatar\/fc8dddf00a7e5b1b397e79c56fd58fb7f474bbdb447047b345a4afedc0929a7f?s=96&d=mm&r=g","contentUrl":"https:\/\/secure.gravatar.com\/avatar\/fc8dddf00a7e5b1b397e79c56fd58fb7f474bbdb447047b345a4afedc0929a7f?s=96&d=mm&r=g","caption":"Michalina"},"url":"https:\/\/uwojtusianatalerzu.pl\/?author=7"}]}},"_links":{"self":[{"href":"https:\/\/uwojtusianatalerzu.pl\/index.php?rest_route=\/wp\/v2\/posts\/2548","targetHints":{"allow":["GET"]}}],"collection":[{"href":"https:\/\/uwojtusianatalerzu.pl\/index.php?rest_route=\/wp\/v2\/posts"}],"about":[{"href":"https:\/\/uwojtusianatalerzu.pl\/index.php?rest_route=\/wp\/v2\/types\/post"}],"author":[{"embeddable":true,"href":"https:\/\/uwojtusianatalerzu.pl\/index.php?rest_route=\/wp\/v2\/users\/7"}],"replies":[{"embeddable":true,"href":"https:\/\/uwojtusianatalerzu.pl\/index.php?rest_route=%2Fwp%2Fv2%2Fcomments&post=2548"}],"version-history":[{"count":1,"href":"https:\/\/uwojtusianatalerzu.pl\/index.php?rest_route=\/wp\/v2\/posts\/2548\/revisions"}],"predecessor-version":[{"id":2549,"href":"https:\/\/uwojtusianatalerzu.pl\/index.php?rest_route=\/wp\/v2\/posts\/2548\/revisions\/2549"}],"wp:featuredmedia":[{"embeddable":true,"href":"https:\/\/uwojtusianatalerzu.pl\/index.php?rest_route=\/wp\/v2\/media\/2543"}],"wp:attachment":[{"href":"https:\/\/uwojtusianatalerzu.pl\/index.php?rest_route=%2Fwp%2Fv2%2Fmedia&parent=2548"}],"wp:term":[{"taxonomy":"category","embeddable":true,"href":"https:\/\/uwojtusianatalerzu.pl\/index.php?rest_route=%2Fwp%2Fv2%2Fcategories&post=2548"},{"taxonomy":"post_tag","embeddable":true,"href":"https:\/\/uwojtusianatalerzu.pl\/index.php?rest_route=%2Fwp%2Fv2%2Ftags&post=2548"}],"curies":[{"name":"wp","href":"https:\/\/api.w.org\/{rel}","templated":true}]}}