{"id":2223,"date":"2020-10-15T13:04:21","date_gmt":"2020-10-15T13:04:21","guid":{"rendered":"http:\/\/uwojtusianatalerzu.pl\/?p=2223"},"modified":"2020-10-20T08:41:52","modified_gmt":"2020-10-20T08:41:52","slug":"kociolek-wojtusia","status":"publish","type":"post","link":"https:\/\/uwojtusianatalerzu.pl\/?p=2223","title":{"rendered":"Kocio\u0142ek Wojtusia"},"content":{"rendered":"\n<hr class=\"wp-block-separator is-style-wide\"\/>\n\n\n\n<p id=\"viewer-dj19m\"><strong>Po 6 m<\/strong><\/p>\n\n\n\n<p id=\"viewer-1tkb4\">Sk\u0142adniki na porcje dla 2 g\u0142odnych os\u00f3b: <\/p>\n\n\n\n<p id=\"viewer-1tkb4\">\u2022 5 \u015brednich ziemniak\u00f3w<br>\u2022 p\u00f3\u0142 czerwonej papryki <br>\u2022 p\u00f3\u0142 \u017c\u00f3\u0142tej papryki <br>\u2022 2 \u0142odygi selera naciowego <br>\u2022 1 cebula <br>\u2022 pomidorki koktajlowe <br>\u2022 pieprz, zio\u0142a, papryka, czosnek <br>\u2022 kilka plasterk\u00f3w szynki <br>\u2022 2 \u0142y\u017cki oleju<\/p>\n\n\n\n<hr class=\"wp-block-separator is-style-wide\"\/>\n\n\n\n<p>Przygotowanie:<\/p>\n\n\n\n<p id=\"viewer-16l3k\">Ziemniaki obra\u0107, umy\u0107 i pokroi\u0107 w du\u017ca kostk\u0119. Papryk\u0119, cebule i seler pokroi\u0107. Wszystkie warzywa prze\u0142o\u017cy\u0107 do naczynia \u017caroodpornego. Doda\u0107 pokrojon\u0105 szynk\u0119, olej, przyprawy (do\u015b\u0107 sporo) i wymiesza\u0107 \u0142y\u017ck\u0105. Na wierzchu u\u0142o\u017cy\u0107 pomidorki. Wstawi\u0107 do piekarnika nagrzanego do 180 stopni (g\u00f3ra-d\u00f3\u0142) i piec przez 40 min.<\/p>\n\n\n\n<p id=\"viewer-dqth9\"><a href=\"https:\/\/www.uwojtusianatalerzu.pl\/blog\/search\/.hash.rozszerzanie\">#rozszerzanie<\/a> <a href=\"https:\/\/www.uwojtusianatalerzu.pl\/blog\/search\/.hash.diety\">#diety<\/a> <a href=\"https:\/\/www.uwojtusianatalerzu.pl\/blog\/search\/.hash.po6\">#po6<\/a> <a href=\"https:\/\/www.uwojtusianatalerzu.pl\/blog\/search\/.hash.blw\">#blw<\/a> <a href=\"https:\/\/www.uwojtusianatalerzu.pl\/blog\/search\/.hash.przepisy\">#przepisy<\/a><\/p>\n","protected":false},"excerpt":{"rendered":"<p>Po 6 m Sk\u0142adniki na porcje dla 2 g\u0142odnych os\u00f3b: \u2022 5 \u015brednich ziemniak\u00f3w\u2022 p\u00f3\u0142 czerwonej papryki \u2022 p\u00f3\u0142 \u017c\u00f3\u0142tej papryki \u2022&hellip;<\/p>\n","protected":false},"author":7,"featured_media":2224,"comment_status":"open","ping_status":"open","sticky":false,"template":"","format":"standard","meta":{"footnotes":""},"categories":[29,3],"tags":[],"class_list":["post-2223","post","type-post","status-publish","format-standard","has-post-thumbnail","hentry","category-przepisy-blw","category-obiady"],"yoast_head":"<!-- This site is optimized with the Yoast SEO plugin v25.9 - https:\/\/yoast.com\/wordpress\/plugins\/seo\/ -->\n<title>Kocio\u0142ek Wojtusia - U Wojtusia na talerzu<\/title>\n<meta name=\"robots\" content=\"index, follow, max-snippet:-1, max-image-preview:large, max-video-preview:-1\" \/>\n<link rel=\"canonical\" href=\"https:\/\/uwojtusianatalerzu.pl\/?p=2223\" \/>\n<meta property=\"og:locale\" content=\"pl_PL\" \/>\n<meta property=\"og:type\" content=\"article\" \/>\n<meta property=\"og:title\" content=\"Kocio\u0142ek Wojtusia - U Wojtusia na talerzu\" \/>\n<meta property=\"og:description\" content=\"Po 6 m Sk\u0142adniki na porcje dla 2 g\u0142odnych os\u00f3b: \u2022 5 \u015brednich ziemniak\u00f3w\u2022 p\u00f3\u0142 czerwonej papryki \u2022 p\u00f3\u0142 \u017c\u00f3\u0142tej papryki \u2022&hellip;\" \/>\n<meta property=\"og:url\" content=\"https:\/\/uwojtusianatalerzu.pl\/?p=2223\" \/>\n<meta property=\"og:site_name\" content=\"U Wojtusia na talerzu\" \/>\n<meta property=\"article:published_time\" content=\"2020-10-15T13:04:21+00:00\" \/>\n<meta property=\"article:modified_time\" content=\"2020-10-20T08:41:52+00:00\" \/>\n<meta property=\"og:image\" content=\"https:\/\/uwojtusianatalerzu.pl\/wp-content\/uploads\/2020\/10\/14-5.jpg\" \/>\n\t<meta property=\"og:image:width\" content=\"437\" \/>\n\t<meta property=\"og:image:height\" content=\"449\" \/>\n\t<meta property=\"og:image:type\" content=\"image\/jpeg\" \/>\n<meta name=\"author\" content=\"Michalina\" \/>\n<meta name=\"twitter:card\" content=\"summary_large_image\" \/>\n<meta name=\"twitter:label1\" content=\"Napisane przez\" \/>\n\t<meta name=\"twitter:data1\" content=\"Michalina\" \/>\n<script type=\"application\/ld+json\" class=\"yoast-schema-graph\">{\"@context\":\"https:\/\/schema.org\",\"@graph\":[{\"@type\":\"WebPage\",\"@id\":\"https:\/\/uwojtusianatalerzu.pl\/?p=2223\",\"url\":\"https:\/\/uwojtusianatalerzu.pl\/?p=2223\",\"name\":\"Kocio\u0142ek Wojtusia - U Wojtusia na talerzu\",\"isPartOf\":{\"@id\":\"https:\/\/uwojtusianatalerzu.pl\/#website\"},\"primaryImageOfPage\":{\"@id\":\"https:\/\/uwojtusianatalerzu.pl\/?p=2223#primaryimage\"},\"image\":{\"@id\":\"https:\/\/uwojtusianatalerzu.pl\/?p=2223#primaryimage\"},\"thumbnailUrl\":\"https:\/\/uwojtusianatalerzu.pl\/wp-content\/uploads\/2020\/10\/14-5.jpg\",\"datePublished\":\"2020-10-15T13:04:21+00:00\",\"dateModified\":\"2020-10-20T08:41:52+00:00\",\"author\":{\"@id\":\"https:\/\/uwojtusianatalerzu.pl\/#\/schema\/person\/79e29e86eb404b8101bb20866f135de5\"},\"breadcrumb\":{\"@id\":\"https:\/\/uwojtusianatalerzu.pl\/?p=2223#breadcrumb\"},\"inLanguage\":\"pl-PL\",\"potentialAction\":[{\"@type\":\"ReadAction\",\"target\":[\"https:\/\/uwojtusianatalerzu.pl\/?p=2223\"]}]},{\"@type\":\"ImageObject\",\"inLanguage\":\"pl-PL\",\"@id\":\"https:\/\/uwojtusianatalerzu.pl\/?p=2223#primaryimage\",\"url\":\"https:\/\/uwojtusianatalerzu.pl\/wp-content\/uploads\/2020\/10\/14-5.jpg\",\"contentUrl\":\"https:\/\/uwojtusianatalerzu.pl\/wp-content\/uploads\/2020\/10\/14-5.jpg\",\"width\":437,\"height\":449},{\"@type\":\"BreadcrumbList\",\"@id\":\"https:\/\/uwojtusianatalerzu.pl\/?p=2223#breadcrumb\",\"itemListElement\":[{\"@type\":\"ListItem\",\"position\":1,\"name\":\"Strona g\u0142\u00f3wna\",\"item\":\"https:\/\/uwojtusianatalerzu.pl\/\"},{\"@type\":\"ListItem\",\"position\":2,\"name\":\"Kocio\u0142ek Wojtusia\"}]},{\"@type\":\"WebSite\",\"@id\":\"https:\/\/uwojtusianatalerzu.pl\/#website\",\"url\":\"https:\/\/uwojtusianatalerzu.pl\/\",\"name\":\"U Wojtusia na talerzu\",\"description\":\"U Wojtusia na talerzu to strona po\u015bwi\u0119cona \u017cywieniu dzieci od niemowlaka do starszaka\",\"potentialAction\":[{\"@type\":\"SearchAction\",\"target\":{\"@type\":\"EntryPoint\",\"urlTemplate\":\"https:\/\/uwojtusianatalerzu.pl\/?s={search_term_string}\"},\"query-input\":{\"@type\":\"PropertyValueSpecification\",\"valueRequired\":true,\"valueName\":\"search_term_string\"}}],\"inLanguage\":\"pl-PL\"},{\"@type\":\"Person\",\"@id\":\"https:\/\/uwojtusianatalerzu.pl\/#\/schema\/person\/79e29e86eb404b8101bb20866f135de5\",\"name\":\"Michalina\",\"image\":{\"@type\":\"ImageObject\",\"inLanguage\":\"pl-PL\",\"@id\":\"https:\/\/uwojtusianatalerzu.pl\/#\/schema\/person\/image\/\",\"url\":\"https:\/\/secure.gravatar.com\/avatar\/fc8dddf00a7e5b1b397e79c56fd58fb7f474bbdb447047b345a4afedc0929a7f?s=96&d=mm&r=g\",\"contentUrl\":\"https:\/\/secure.gravatar.com\/avatar\/fc8dddf00a7e5b1b397e79c56fd58fb7f474bbdb447047b345a4afedc0929a7f?s=96&d=mm&r=g\",\"caption\":\"Michalina\"},\"url\":\"https:\/\/uwojtusianatalerzu.pl\/?author=7\"}]}<\/script>\n<!-- \/ Yoast SEO plugin. -->","yoast_head_json":{"title":"Kocio\u0142ek Wojtusia - U Wojtusia na talerzu","robots":{"index":"index","follow":"follow","max-snippet":"max-snippet:-1","max-image-preview":"max-image-preview:large","max-video-preview":"max-video-preview:-1"},"canonical":"https:\/\/uwojtusianatalerzu.pl\/?p=2223","og_locale":"pl_PL","og_type":"article","og_title":"Kocio\u0142ek Wojtusia - U Wojtusia na talerzu","og_description":"Po 6 m Sk\u0142adniki na porcje dla 2 g\u0142odnych os\u00f3b: \u2022 5 \u015brednich ziemniak\u00f3w\u2022 p\u00f3\u0142 czerwonej papryki \u2022 p\u00f3\u0142 \u017c\u00f3\u0142tej papryki \u2022&hellip;","og_url":"https:\/\/uwojtusianatalerzu.pl\/?p=2223","og_site_name":"U Wojtusia na talerzu","article_published_time":"2020-10-15T13:04:21+00:00","article_modified_time":"2020-10-20T08:41:52+00:00","og_image":[{"width":437,"height":449,"url":"https:\/\/uwojtusianatalerzu.pl\/wp-content\/uploads\/2020\/10\/14-5.jpg","type":"image\/jpeg"}],"author":"Michalina","twitter_card":"summary_large_image","twitter_misc":{"Napisane przez":"Michalina"},"schema":{"@context":"https:\/\/schema.org","@graph":[{"@type":"WebPage","@id":"https:\/\/uwojtusianatalerzu.pl\/?p=2223","url":"https:\/\/uwojtusianatalerzu.pl\/?p=2223","name":"Kocio\u0142ek Wojtusia - U Wojtusia na talerzu","isPartOf":{"@id":"https:\/\/uwojtusianatalerzu.pl\/#website"},"primaryImageOfPage":{"@id":"https:\/\/uwojtusianatalerzu.pl\/?p=2223#primaryimage"},"image":{"@id":"https:\/\/uwojtusianatalerzu.pl\/?p=2223#primaryimage"},"thumbnailUrl":"https:\/\/uwojtusianatalerzu.pl\/wp-content\/uploads\/2020\/10\/14-5.jpg","datePublished":"2020-10-15T13:04:21+00:00","dateModified":"2020-10-20T08:41:52+00:00","author":{"@id":"https:\/\/uwojtusianatalerzu.pl\/#\/schema\/person\/79e29e86eb404b8101bb20866f135de5"},"breadcrumb":{"@id":"https:\/\/uwojtusianatalerzu.pl\/?p=2223#breadcrumb"},"inLanguage":"pl-PL","potentialAction":[{"@type":"ReadAction","target":["https:\/\/uwojtusianatalerzu.pl\/?p=2223"]}]},{"@type":"ImageObject","inLanguage":"pl-PL","@id":"https:\/\/uwojtusianatalerzu.pl\/?p=2223#primaryimage","url":"https:\/\/uwojtusianatalerzu.pl\/wp-content\/uploads\/2020\/10\/14-5.jpg","contentUrl":"https:\/\/uwojtusianatalerzu.pl\/wp-content\/uploads\/2020\/10\/14-5.jpg","width":437,"height":449},{"@type":"BreadcrumbList","@id":"https:\/\/uwojtusianatalerzu.pl\/?p=2223#breadcrumb","itemListElement":[{"@type":"ListItem","position":1,"name":"Strona g\u0142\u00f3wna","item":"https:\/\/uwojtusianatalerzu.pl\/"},{"@type":"ListItem","position":2,"name":"Kocio\u0142ek Wojtusia"}]},{"@type":"WebSite","@id":"https:\/\/uwojtusianatalerzu.pl\/#website","url":"https:\/\/uwojtusianatalerzu.pl\/","name":"U Wojtusia na talerzu","description":"U Wojtusia na talerzu to strona po\u015bwi\u0119cona \u017cywieniu dzieci od niemowlaka do starszaka","potentialAction":[{"@type":"SearchAction","target":{"@type":"EntryPoint","urlTemplate":"https:\/\/uwojtusianatalerzu.pl\/?s={search_term_string}"},"query-input":{"@type":"PropertyValueSpecification","valueRequired":true,"valueName":"search_term_string"}}],"inLanguage":"pl-PL"},{"@type":"Person","@id":"https:\/\/uwojtusianatalerzu.pl\/#\/schema\/person\/79e29e86eb404b8101bb20866f135de5","name":"Michalina","image":{"@type":"ImageObject","inLanguage":"pl-PL","@id":"https:\/\/uwojtusianatalerzu.pl\/#\/schema\/person\/image\/","url":"https:\/\/secure.gravatar.com\/avatar\/fc8dddf00a7e5b1b397e79c56fd58fb7f474bbdb447047b345a4afedc0929a7f?s=96&d=mm&r=g","contentUrl":"https:\/\/secure.gravatar.com\/avatar\/fc8dddf00a7e5b1b397e79c56fd58fb7f474bbdb447047b345a4afedc0929a7f?s=96&d=mm&r=g","caption":"Michalina"},"url":"https:\/\/uwojtusianatalerzu.pl\/?author=7"}]}},"_links":{"self":[{"href":"https:\/\/uwojtusianatalerzu.pl\/index.php?rest_route=\/wp\/v2\/posts\/2223","targetHints":{"allow":["GET"]}}],"collection":[{"href":"https:\/\/uwojtusianatalerzu.pl\/index.php?rest_route=\/wp\/v2\/posts"}],"about":[{"href":"https:\/\/uwojtusianatalerzu.pl\/index.php?rest_route=\/wp\/v2\/types\/post"}],"author":[{"embeddable":true,"href":"https:\/\/uwojtusianatalerzu.pl\/index.php?rest_route=\/wp\/v2\/users\/7"}],"replies":[{"embeddable":true,"href":"https:\/\/uwojtusianatalerzu.pl\/index.php?rest_route=%2Fwp%2Fv2%2Fcomments&post=2223"}],"version-history":[{"count":1,"href":"https:\/\/uwojtusianatalerzu.pl\/index.php?rest_route=\/wp\/v2\/posts\/2223\/revisions"}],"predecessor-version":[{"id":2225,"href":"https:\/\/uwojtusianatalerzu.pl\/index.php?rest_route=\/wp\/v2\/posts\/2223\/revisions\/2225"}],"wp:featuredmedia":[{"embeddable":true,"href":"https:\/\/uwojtusianatalerzu.pl\/index.php?rest_route=\/wp\/v2\/media\/2224"}],"wp:attachment":[{"href":"https:\/\/uwojtusianatalerzu.pl\/index.php?rest_route=%2Fwp%2Fv2%2Fmedia&parent=2223"}],"wp:term":[{"taxonomy":"category","embeddable":true,"href":"https:\/\/uwojtusianatalerzu.pl\/index.php?rest_route=%2Fwp%2Fv2%2Fcategories&post=2223"},{"taxonomy":"post_tag","embeddable":true,"href":"https:\/\/uwojtusianatalerzu.pl\/index.php?rest_route=%2Fwp%2Fv2%2Ftags&post=2223"}],"curies":[{"name":"wp","href":"https:\/\/api.w.org\/{rel}","templated":true}]}}