{"id":2217,"date":"2020-10-15T12:57:12","date_gmt":"2020-10-15T12:57:12","guid":{"rendered":"http:\/\/uwojtusianatalerzu.pl\/?p=2217"},"modified":"2020-10-15T12:57:14","modified_gmt":"2020-10-15T12:57:14","slug":"kurczak-w-sosie-marchewkowo-groszkowym","status":"publish","type":"post","link":"https:\/\/uwojtusianatalerzu.pl\/?p=2217","title":{"rendered":"Kurczak w sosie marchewkowo-groszkowym"},"content":{"rendered":"\n<hr class=\"wp-block-separator is-style-wide\"\/>\n\n\n\n<p id=\"viewer-3jbe7\">Po 6 m (po wprowadzeniu laktozy)<\/p>\n\n\n\n<p id=\"viewer-1m7hq\">Sk\u0142adniki:<\/p>\n\n\n\n<p id=\"viewer-6vh1r\">\u2022 1 pier\u015b z kurczaka<br>\u2022 1 marchewka<br>\u2022 ok 100 g mro\u017conego groszku<br>\u2022 1 \u0142y\u017cka \u015bmietany 12%<br>\u2022 1 \u0142y\u017cka m\u0105ki<br>\u2022 cebula<br>\u2022 przyprawy: s\u0142odka papryka, pieprz, kurkuma, zio\u0142a prowansalskie, czosnek<\/p>\n\n\n\n<hr class=\"wp-block-separator is-style-wide\"\/>\n\n\n\n<p>Przygotowanie:<\/p>\n\n\n\n<p id=\"viewer-bs8nk\">Mi\u0119so pokroi\u0107 w kostk\u0119 i podsma\u017cy\u0107 na wolnym ogniu razem z cebul\u0105 na \u0142y\u017cce oliwy. Po mi\u0119sa doda\u0107 przyprawy i po ok 5 minutach podsma\u017cania dola\u0107 ok 100 ml wody. Dusi\u0107 pod przykryciem przez ok 10 min. Po tym czasie do mi\u0119sa doda\u0107 start\u0105 na du\u017cych oczkach marchewk\u0119, dola\u0107 jeszcze troch\u0119 wody i gotowa\u0107 przez kolejne 5 min pod przykryciem. Nast\u0119pnie doda\u0107 groszek.<\/p>\n\n\n\n<p id=\"viewer-a5u1u\">W szklance wymiesza\u0107 \u0142y\u017ck\u0119 m\u0105ki, \u015bmietan\u0119 i ok 50 ml wody. Przela\u0107 to stopniowo do sosu ca\u0142y czas mieszaj\u0105c. Sos nie powinien by\u0107 zbyt g\u0119sty, wi\u0119c w razie potrzebny nale\u017cy doda\u0107 wody.<\/p>\n\n\n\n<p id=\"viewer-aon56\"><a href=\"https:\/\/www.uwojtusianatalerzu.pl\/blog\/search\/.hash.kurczak\">#kurczak<\/a> <a href=\"https:\/\/www.uwojtusianatalerzu.pl\/blog\/search\/.hash.przepisy\">#przepisy<\/a> <a href=\"https:\/\/www.uwojtusianatalerzu.pl\/blog\/search\/.hash.blw\">#blw<\/a> <a href=\"https:\/\/www.uwojtusianatalerzu.pl\/blog\/search\/.hash.uwojtusianatalerzu\">#uwojtusianatalerzu<\/a> <a href=\"https:\/\/www.uwojtusianatalerzu.pl\/blog\/search\/.hash.po6\">#po6<\/a><\/p>\n","protected":false},"excerpt":{"rendered":"<p>Po 6 m (po wprowadzeniu laktozy) Sk\u0142adniki: \u2022 1 pier\u015b z kurczaka\u2022 1 marchewka\u2022 ok 100 g mro\u017conego groszku\u2022 1 \u0142y\u017cka \u015bmietany&hellip;<\/p>\n","protected":false},"author":7,"featured_media":2218,"comment_status":"open","ping_status":"open","sticky":false,"template":"","format":"standard","meta":{"footnotes":""},"categories":[3],"tags":[],"class_list":["post-2217","post","type-post","status-publish","format-standard","has-post-thumbnail","hentry","category-obiady"],"yoast_head":"<!-- This site is optimized with the Yoast SEO plugin v25.9 - https:\/\/yoast.com\/wordpress\/plugins\/seo\/ -->\n<title>Kurczak w sosie marchewkowo-groszkowym - U Wojtusia na talerzu<\/title>\n<meta name=\"robots\" content=\"index, follow, max-snippet:-1, max-image-preview:large, max-video-preview:-1\" \/>\n<link rel=\"canonical\" href=\"https:\/\/uwojtusianatalerzu.pl\/?p=2217\" \/>\n<meta property=\"og:locale\" content=\"pl_PL\" \/>\n<meta property=\"og:type\" content=\"article\" \/>\n<meta property=\"og:title\" content=\"Kurczak w sosie marchewkowo-groszkowym - U Wojtusia na talerzu\" \/>\n<meta property=\"og:description\" content=\"Po 6 m (po wprowadzeniu laktozy) Sk\u0142adniki: \u2022 1 pier\u015b z kurczaka\u2022 1 marchewka\u2022 ok 100 g mro\u017conego groszku\u2022 1 \u0142y\u017cka \u015bmietany&hellip;\" \/>\n<meta property=\"og:url\" content=\"https:\/\/uwojtusianatalerzu.pl\/?p=2217\" \/>\n<meta property=\"og:site_name\" content=\"U Wojtusia na talerzu\" \/>\n<meta property=\"article:published_time\" content=\"2020-10-15T12:57:12+00:00\" \/>\n<meta property=\"article:modified_time\" content=\"2020-10-15T12:57:14+00:00\" \/>\n<meta property=\"og:image\" content=\"https:\/\/uwojtusianatalerzu.pl\/wp-content\/uploads\/2020\/10\/12-5.jpg\" \/>\n\t<meta property=\"og:image:width\" content=\"446\" \/>\n\t<meta property=\"og:image:height\" content=\"449\" \/>\n\t<meta property=\"og:image:type\" content=\"image\/jpeg\" \/>\n<meta name=\"author\" content=\"Michalina\" \/>\n<meta name=\"twitter:card\" content=\"summary_large_image\" \/>\n<meta name=\"twitter:label1\" content=\"Napisane przez\" \/>\n\t<meta name=\"twitter:data1\" content=\"Michalina\" \/>\n\t<meta name=\"twitter:label2\" content=\"Szacowany czas czytania\" \/>\n\t<meta name=\"twitter:data2\" content=\"1 minuta\" \/>\n<script type=\"application\/ld+json\" class=\"yoast-schema-graph\">{\"@context\":\"https:\/\/schema.org\",\"@graph\":[{\"@type\":\"WebPage\",\"@id\":\"https:\/\/uwojtusianatalerzu.pl\/?p=2217\",\"url\":\"https:\/\/uwojtusianatalerzu.pl\/?p=2217\",\"name\":\"Kurczak w sosie marchewkowo-groszkowym - U Wojtusia na talerzu\",\"isPartOf\":{\"@id\":\"https:\/\/uwojtusianatalerzu.pl\/#website\"},\"primaryImageOfPage\":{\"@id\":\"https:\/\/uwojtusianatalerzu.pl\/?p=2217#primaryimage\"},\"image\":{\"@id\":\"https:\/\/uwojtusianatalerzu.pl\/?p=2217#primaryimage\"},\"thumbnailUrl\":\"https:\/\/uwojtusianatalerzu.pl\/wp-content\/uploads\/2020\/10\/12-5.jpg\",\"datePublished\":\"2020-10-15T12:57:12+00:00\",\"dateModified\":\"2020-10-15T12:57:14+00:00\",\"author\":{\"@id\":\"https:\/\/uwojtusianatalerzu.pl\/#\/schema\/person\/79e29e86eb404b8101bb20866f135de5\"},\"breadcrumb\":{\"@id\":\"https:\/\/uwojtusianatalerzu.pl\/?p=2217#breadcrumb\"},\"inLanguage\":\"pl-PL\",\"potentialAction\":[{\"@type\":\"ReadAction\",\"target\":[\"https:\/\/uwojtusianatalerzu.pl\/?p=2217\"]}]},{\"@type\":\"ImageObject\",\"inLanguage\":\"pl-PL\",\"@id\":\"https:\/\/uwojtusianatalerzu.pl\/?p=2217#primaryimage\",\"url\":\"https:\/\/uwojtusianatalerzu.pl\/wp-content\/uploads\/2020\/10\/12-5.jpg\",\"contentUrl\":\"https:\/\/uwojtusianatalerzu.pl\/wp-content\/uploads\/2020\/10\/12-5.jpg\",\"width\":446,\"height\":449},{\"@type\":\"BreadcrumbList\",\"@id\":\"https:\/\/uwojtusianatalerzu.pl\/?p=2217#breadcrumb\",\"itemListElement\":[{\"@type\":\"ListItem\",\"position\":1,\"name\":\"Strona g\u0142\u00f3wna\",\"item\":\"https:\/\/uwojtusianatalerzu.pl\/\"},{\"@type\":\"ListItem\",\"position\":2,\"name\":\"Kurczak w sosie marchewkowo-groszkowym\"}]},{\"@type\":\"WebSite\",\"@id\":\"https:\/\/uwojtusianatalerzu.pl\/#website\",\"url\":\"https:\/\/uwojtusianatalerzu.pl\/\",\"name\":\"U Wojtusia na talerzu\",\"description\":\"U Wojtusia na talerzu to strona po\u015bwi\u0119cona \u017cywieniu dzieci od niemowlaka do starszaka\",\"potentialAction\":[{\"@type\":\"SearchAction\",\"target\":{\"@type\":\"EntryPoint\",\"urlTemplate\":\"https:\/\/uwojtusianatalerzu.pl\/?s={search_term_string}\"},\"query-input\":{\"@type\":\"PropertyValueSpecification\",\"valueRequired\":true,\"valueName\":\"search_term_string\"}}],\"inLanguage\":\"pl-PL\"},{\"@type\":\"Person\",\"@id\":\"https:\/\/uwojtusianatalerzu.pl\/#\/schema\/person\/79e29e86eb404b8101bb20866f135de5\",\"name\":\"Michalina\",\"image\":{\"@type\":\"ImageObject\",\"inLanguage\":\"pl-PL\",\"@id\":\"https:\/\/uwojtusianatalerzu.pl\/#\/schema\/person\/image\/\",\"url\":\"https:\/\/secure.gravatar.com\/avatar\/fc8dddf00a7e5b1b397e79c56fd58fb7f474bbdb447047b345a4afedc0929a7f?s=96&d=mm&r=g\",\"contentUrl\":\"https:\/\/secure.gravatar.com\/avatar\/fc8dddf00a7e5b1b397e79c56fd58fb7f474bbdb447047b345a4afedc0929a7f?s=96&d=mm&r=g\",\"caption\":\"Michalina\"},\"url\":\"https:\/\/uwojtusianatalerzu.pl\/?author=7\"}]}<\/script>\n<!-- \/ Yoast SEO plugin. -->","yoast_head_json":{"title":"Kurczak w sosie marchewkowo-groszkowym - U Wojtusia na talerzu","robots":{"index":"index","follow":"follow","max-snippet":"max-snippet:-1","max-image-preview":"max-image-preview:large","max-video-preview":"max-video-preview:-1"},"canonical":"https:\/\/uwojtusianatalerzu.pl\/?p=2217","og_locale":"pl_PL","og_type":"article","og_title":"Kurczak w sosie marchewkowo-groszkowym - U Wojtusia na talerzu","og_description":"Po 6 m (po wprowadzeniu laktozy) Sk\u0142adniki: \u2022 1 pier\u015b z kurczaka\u2022 1 marchewka\u2022 ok 100 g mro\u017conego groszku\u2022 1 \u0142y\u017cka \u015bmietany&hellip;","og_url":"https:\/\/uwojtusianatalerzu.pl\/?p=2217","og_site_name":"U Wojtusia na talerzu","article_published_time":"2020-10-15T12:57:12+00:00","article_modified_time":"2020-10-15T12:57:14+00:00","og_image":[{"width":446,"height":449,"url":"https:\/\/uwojtusianatalerzu.pl\/wp-content\/uploads\/2020\/10\/12-5.jpg","type":"image\/jpeg"}],"author":"Michalina","twitter_card":"summary_large_image","twitter_misc":{"Napisane przez":"Michalina","Szacowany czas czytania":"1 minuta"},"schema":{"@context":"https:\/\/schema.org","@graph":[{"@type":"WebPage","@id":"https:\/\/uwojtusianatalerzu.pl\/?p=2217","url":"https:\/\/uwojtusianatalerzu.pl\/?p=2217","name":"Kurczak w sosie marchewkowo-groszkowym - U Wojtusia na talerzu","isPartOf":{"@id":"https:\/\/uwojtusianatalerzu.pl\/#website"},"primaryImageOfPage":{"@id":"https:\/\/uwojtusianatalerzu.pl\/?p=2217#primaryimage"},"image":{"@id":"https:\/\/uwojtusianatalerzu.pl\/?p=2217#primaryimage"},"thumbnailUrl":"https:\/\/uwojtusianatalerzu.pl\/wp-content\/uploads\/2020\/10\/12-5.jpg","datePublished":"2020-10-15T12:57:12+00:00","dateModified":"2020-10-15T12:57:14+00:00","author":{"@id":"https:\/\/uwojtusianatalerzu.pl\/#\/schema\/person\/79e29e86eb404b8101bb20866f135de5"},"breadcrumb":{"@id":"https:\/\/uwojtusianatalerzu.pl\/?p=2217#breadcrumb"},"inLanguage":"pl-PL","potentialAction":[{"@type":"ReadAction","target":["https:\/\/uwojtusianatalerzu.pl\/?p=2217"]}]},{"@type":"ImageObject","inLanguage":"pl-PL","@id":"https:\/\/uwojtusianatalerzu.pl\/?p=2217#primaryimage","url":"https:\/\/uwojtusianatalerzu.pl\/wp-content\/uploads\/2020\/10\/12-5.jpg","contentUrl":"https:\/\/uwojtusianatalerzu.pl\/wp-content\/uploads\/2020\/10\/12-5.jpg","width":446,"height":449},{"@type":"BreadcrumbList","@id":"https:\/\/uwojtusianatalerzu.pl\/?p=2217#breadcrumb","itemListElement":[{"@type":"ListItem","position":1,"name":"Strona g\u0142\u00f3wna","item":"https:\/\/uwojtusianatalerzu.pl\/"},{"@type":"ListItem","position":2,"name":"Kurczak w sosie marchewkowo-groszkowym"}]},{"@type":"WebSite","@id":"https:\/\/uwojtusianatalerzu.pl\/#website","url":"https:\/\/uwojtusianatalerzu.pl\/","name":"U Wojtusia na talerzu","description":"U Wojtusia na talerzu to strona po\u015bwi\u0119cona \u017cywieniu dzieci od niemowlaka do starszaka","potentialAction":[{"@type":"SearchAction","target":{"@type":"EntryPoint","urlTemplate":"https:\/\/uwojtusianatalerzu.pl\/?s={search_term_string}"},"query-input":{"@type":"PropertyValueSpecification","valueRequired":true,"valueName":"search_term_string"}}],"inLanguage":"pl-PL"},{"@type":"Person","@id":"https:\/\/uwojtusianatalerzu.pl\/#\/schema\/person\/79e29e86eb404b8101bb20866f135de5","name":"Michalina","image":{"@type":"ImageObject","inLanguage":"pl-PL","@id":"https:\/\/uwojtusianatalerzu.pl\/#\/schema\/person\/image\/","url":"https:\/\/secure.gravatar.com\/avatar\/fc8dddf00a7e5b1b397e79c56fd58fb7f474bbdb447047b345a4afedc0929a7f?s=96&d=mm&r=g","contentUrl":"https:\/\/secure.gravatar.com\/avatar\/fc8dddf00a7e5b1b397e79c56fd58fb7f474bbdb447047b345a4afedc0929a7f?s=96&d=mm&r=g","caption":"Michalina"},"url":"https:\/\/uwojtusianatalerzu.pl\/?author=7"}]}},"_links":{"self":[{"href":"https:\/\/uwojtusianatalerzu.pl\/index.php?rest_route=\/wp\/v2\/posts\/2217","targetHints":{"allow":["GET"]}}],"collection":[{"href":"https:\/\/uwojtusianatalerzu.pl\/index.php?rest_route=\/wp\/v2\/posts"}],"about":[{"href":"https:\/\/uwojtusianatalerzu.pl\/index.php?rest_route=\/wp\/v2\/types\/post"}],"author":[{"embeddable":true,"href":"https:\/\/uwojtusianatalerzu.pl\/index.php?rest_route=\/wp\/v2\/users\/7"}],"replies":[{"embeddable":true,"href":"https:\/\/uwojtusianatalerzu.pl\/index.php?rest_route=%2Fwp%2Fv2%2Fcomments&post=2217"}],"version-history":[{"count":1,"href":"https:\/\/uwojtusianatalerzu.pl\/index.php?rest_route=\/wp\/v2\/posts\/2217\/revisions"}],"predecessor-version":[{"id":2219,"href":"https:\/\/uwojtusianatalerzu.pl\/index.php?rest_route=\/wp\/v2\/posts\/2217\/revisions\/2219"}],"wp:featuredmedia":[{"embeddable":true,"href":"https:\/\/uwojtusianatalerzu.pl\/index.php?rest_route=\/wp\/v2\/media\/2218"}],"wp:attachment":[{"href":"https:\/\/uwojtusianatalerzu.pl\/index.php?rest_route=%2Fwp%2Fv2%2Fmedia&parent=2217"}],"wp:term":[{"taxonomy":"category","embeddable":true,"href":"https:\/\/uwojtusianatalerzu.pl\/index.php?rest_route=%2Fwp%2Fv2%2Fcategories&post=2217"},{"taxonomy":"post_tag","embeddable":true,"href":"https:\/\/uwojtusianatalerzu.pl\/index.php?rest_route=%2Fwp%2Fv2%2Ftags&post=2217"}],"curies":[{"name":"wp","href":"https:\/\/api.w.org\/{rel}","templated":true}]}}