{"id":2189,"date":"2020-10-15T12:26:38","date_gmt":"2020-10-15T12:26:38","guid":{"rendered":"http:\/\/uwojtusianatalerzu.pl\/?p=2189"},"modified":"2020-10-15T12:26:40","modified_gmt":"2020-10-15T12:26:40","slug":"cytrusowy-losos-z-kurkuma","status":"publish","type":"post","link":"https:\/\/uwojtusianatalerzu.pl\/?p=2189","title":{"rendered":"Cytrusowy \u0142oso\u015b z kurkum\u0105"},"content":{"rendered":"\n<hr class=\"wp-block-separator is-style-wide\"\/>\n\n\n\n<p>Obiad ze spor\u0105 dawk\u0105 odporno\u015bci &#8211; kurkuma, cytryna, bataty (s\u0105 super na odporno\u015b\u0107) i brukselka. Idealny w okresie przezi\u0119bienia!<\/p>\n\n\n\n<p id=\"viewer-15e4b\"><strong>Po 6 m (po wprowadzeniu laktozy)<\/strong><\/p>\n\n\n\n<p id=\"viewer-alo2m\">Sk\u0142adniki na ryb\u0119: <\/p>\n\n\n\n<p id=\"viewer-alo2m\">\u2022 du\u017cy filet z \u0142ososia <br>\u2022 p\u00f3\u0142 cytryny <br>\u2022 kilka plasterk\u00f3w pomara\u0144czy <br>\u2022 pieprz zio\u0142owy <br>\u2022 kurkuma <br>\u2022 3 \u0142y\u017cki \u015bmietany <br>\u2022 \u0142y\u017ceczka mas\u0142a<\/p>\n\n\n\n<hr class=\"wp-block-separator is-style-wide\"\/>\n\n\n\n<p>Przygotowanie:<\/p>\n\n\n\n<p id=\"viewer-5di36\">\u0141ososia pozbawi\u0107 sk\u00f3rki i u\u0142o\u017cy\u0107 na dnie naczynia. Na ryb\u0119 na\u0142o\u017cy\u0107 mas\u0142o i lekko rozsmarowa\u0107, posypa\u0107 pieprzem, kurkum\u0105, skropi\u0107 obficie cytryn\u0105 i przykry\u0107 \u015bmietan\u0105. Na wierzchu u\u0142o\u017cy\u0107 plasterki pomara\u0144czy. Piec w 180 stopniach przez ok 30 min.<\/p>\n\n\n\n<p id=\"viewer-e836m\">Frytki doprawi\u0142am czosnkiem i zio\u0142ami \u015br\u00f3dziemnomorskimi.<\/p>\n\n\n\n<p id=\"viewer-1nv6h\"><a href=\"https:\/\/www.uwojtusianatalerzu.pl\/blog\/search\/.hash.po6\">#po6<\/a> <a href=\"https:\/\/www.uwojtusianatalerzu.pl\/blog\/search\/.hash.ryba\">#ryba<\/a> <a href=\"https:\/\/www.uwojtusianatalerzu.pl\/blog\/search\/.hash.%C5%82oso%C5%9B\">#\u0142oso\u015b<\/a> <a href=\"https:\/\/www.uwojtusianatalerzu.pl\/blog\/search\/.hash.przepisy\">#przepisy<\/a> <a href=\"https:\/\/www.uwojtusianatalerzu.pl\/blog\/search\/.hash.blw\">#blw<\/a> <a href=\"https:\/\/www.uwojtusianatalerzu.pl\/blog\/search\/.hash.rozszerzanie\">#rozszerzanie<\/a> <a href=\"https:\/\/www.uwojtusianatalerzu.pl\/blog\/search\/.hash.diety\">#diety<\/a><\/p>\n","protected":false},"excerpt":{"rendered":"<p>Obiad ze spor\u0105 dawk\u0105 odporno\u015bci &#8211; kurkuma, cytryna, bataty (s\u0105 super na odporno\u015b\u0107) i brukselka. Idealny w okresie przezi\u0119bienia! Po 6 m&hellip;<\/p>\n","protected":false},"author":7,"featured_media":2190,"comment_status":"open","ping_status":"open","sticky":false,"template":"","format":"standard","meta":{"footnotes":""},"categories":[3],"tags":[],"class_list":["post-2189","post","type-post","status-publish","format-standard","has-post-thumbnail","hentry","category-obiady"],"yoast_head":"<!-- This site is optimized with the Yoast SEO plugin v25.9 - https:\/\/yoast.com\/wordpress\/plugins\/seo\/ -->\n<title>Cytrusowy \u0142oso\u015b z kurkum\u0105 - U Wojtusia na talerzu<\/title>\n<meta name=\"robots\" content=\"index, follow, max-snippet:-1, max-image-preview:large, max-video-preview:-1\" \/>\n<link rel=\"canonical\" href=\"https:\/\/uwojtusianatalerzu.pl\/?p=2189\" \/>\n<meta property=\"og:locale\" content=\"pl_PL\" \/>\n<meta property=\"og:type\" content=\"article\" \/>\n<meta property=\"og:title\" content=\"Cytrusowy \u0142oso\u015b z kurkum\u0105 - U Wojtusia na talerzu\" \/>\n<meta property=\"og:description\" content=\"Obiad ze spor\u0105 dawk\u0105 odporno\u015bci &#8211; kurkuma, cytryna, bataty (s\u0105 super na odporno\u015b\u0107) i brukselka. Idealny w okresie przezi\u0119bienia! Po 6 m&hellip;\" \/>\n<meta property=\"og:url\" content=\"https:\/\/uwojtusianatalerzu.pl\/?p=2189\" \/>\n<meta property=\"og:site_name\" content=\"U Wojtusia na talerzu\" \/>\n<meta property=\"article:published_time\" content=\"2020-10-15T12:26:38+00:00\" \/>\n<meta property=\"article:modified_time\" content=\"2020-10-15T12:26:40+00:00\" \/>\n<meta property=\"og:image\" content=\"https:\/\/uwojtusianatalerzu.pl\/wp-content\/uploads\/2020\/10\/1-4.jpg\" \/>\n\t<meta property=\"og:image:width\" content=\"450\" \/>\n\t<meta property=\"og:image:height\" content=\"445\" \/>\n\t<meta property=\"og:image:type\" content=\"image\/jpeg\" \/>\n<meta name=\"author\" content=\"Michalina\" \/>\n<meta name=\"twitter:card\" content=\"summary_large_image\" \/>\n<meta name=\"twitter:label1\" content=\"Napisane przez\" \/>\n\t<meta name=\"twitter:data1\" content=\"Michalina\" \/>\n\t<meta name=\"twitter:label2\" content=\"Szacowany czas czytania\" \/>\n\t<meta name=\"twitter:data2\" content=\"1 minuta\" \/>\n<script type=\"application\/ld+json\" class=\"yoast-schema-graph\">{\"@context\":\"https:\/\/schema.org\",\"@graph\":[{\"@type\":\"WebPage\",\"@id\":\"https:\/\/uwojtusianatalerzu.pl\/?p=2189\",\"url\":\"https:\/\/uwojtusianatalerzu.pl\/?p=2189\",\"name\":\"Cytrusowy \u0142oso\u015b z kurkum\u0105 - U Wojtusia na talerzu\",\"isPartOf\":{\"@id\":\"https:\/\/uwojtusianatalerzu.pl\/#website\"},\"primaryImageOfPage\":{\"@id\":\"https:\/\/uwojtusianatalerzu.pl\/?p=2189#primaryimage\"},\"image\":{\"@id\":\"https:\/\/uwojtusianatalerzu.pl\/?p=2189#primaryimage\"},\"thumbnailUrl\":\"https:\/\/uwojtusianatalerzu.pl\/wp-content\/uploads\/2020\/10\/1-4.jpg\",\"datePublished\":\"2020-10-15T12:26:38+00:00\",\"dateModified\":\"2020-10-15T12:26:40+00:00\",\"author\":{\"@id\":\"https:\/\/uwojtusianatalerzu.pl\/#\/schema\/person\/79e29e86eb404b8101bb20866f135de5\"},\"breadcrumb\":{\"@id\":\"https:\/\/uwojtusianatalerzu.pl\/?p=2189#breadcrumb\"},\"inLanguage\":\"pl-PL\",\"potentialAction\":[{\"@type\":\"ReadAction\",\"target\":[\"https:\/\/uwojtusianatalerzu.pl\/?p=2189\"]}]},{\"@type\":\"ImageObject\",\"inLanguage\":\"pl-PL\",\"@id\":\"https:\/\/uwojtusianatalerzu.pl\/?p=2189#primaryimage\",\"url\":\"https:\/\/uwojtusianatalerzu.pl\/wp-content\/uploads\/2020\/10\/1-4.jpg\",\"contentUrl\":\"https:\/\/uwojtusianatalerzu.pl\/wp-content\/uploads\/2020\/10\/1-4.jpg\",\"width\":450,\"height\":445},{\"@type\":\"BreadcrumbList\",\"@id\":\"https:\/\/uwojtusianatalerzu.pl\/?p=2189#breadcrumb\",\"itemListElement\":[{\"@type\":\"ListItem\",\"position\":1,\"name\":\"Strona g\u0142\u00f3wna\",\"item\":\"https:\/\/uwojtusianatalerzu.pl\/\"},{\"@type\":\"ListItem\",\"position\":2,\"name\":\"Cytrusowy \u0142oso\u015b z kurkum\u0105\"}]},{\"@type\":\"WebSite\",\"@id\":\"https:\/\/uwojtusianatalerzu.pl\/#website\",\"url\":\"https:\/\/uwojtusianatalerzu.pl\/\",\"name\":\"U Wojtusia na talerzu\",\"description\":\"U Wojtusia na talerzu to strona po\u015bwi\u0119cona \u017cywieniu dzieci od niemowlaka do starszaka\",\"potentialAction\":[{\"@type\":\"SearchAction\",\"target\":{\"@type\":\"EntryPoint\",\"urlTemplate\":\"https:\/\/uwojtusianatalerzu.pl\/?s={search_term_string}\"},\"query-input\":{\"@type\":\"PropertyValueSpecification\",\"valueRequired\":true,\"valueName\":\"search_term_string\"}}],\"inLanguage\":\"pl-PL\"},{\"@type\":\"Person\",\"@id\":\"https:\/\/uwojtusianatalerzu.pl\/#\/schema\/person\/79e29e86eb404b8101bb20866f135de5\",\"name\":\"Michalina\",\"image\":{\"@type\":\"ImageObject\",\"inLanguage\":\"pl-PL\",\"@id\":\"https:\/\/uwojtusianatalerzu.pl\/#\/schema\/person\/image\/\",\"url\":\"https:\/\/secure.gravatar.com\/avatar\/fc8dddf00a7e5b1b397e79c56fd58fb7f474bbdb447047b345a4afedc0929a7f?s=96&d=mm&r=g\",\"contentUrl\":\"https:\/\/secure.gravatar.com\/avatar\/fc8dddf00a7e5b1b397e79c56fd58fb7f474bbdb447047b345a4afedc0929a7f?s=96&d=mm&r=g\",\"caption\":\"Michalina\"},\"url\":\"https:\/\/uwojtusianatalerzu.pl\/?author=7\"}]}<\/script>\n<!-- \/ Yoast SEO plugin. -->","yoast_head_json":{"title":"Cytrusowy \u0142oso\u015b z kurkum\u0105 - U Wojtusia na talerzu","robots":{"index":"index","follow":"follow","max-snippet":"max-snippet:-1","max-image-preview":"max-image-preview:large","max-video-preview":"max-video-preview:-1"},"canonical":"https:\/\/uwojtusianatalerzu.pl\/?p=2189","og_locale":"pl_PL","og_type":"article","og_title":"Cytrusowy \u0142oso\u015b z kurkum\u0105 - U Wojtusia na talerzu","og_description":"Obiad ze spor\u0105 dawk\u0105 odporno\u015bci &#8211; kurkuma, cytryna, bataty (s\u0105 super na odporno\u015b\u0107) i brukselka. Idealny w okresie przezi\u0119bienia! Po 6 m&hellip;","og_url":"https:\/\/uwojtusianatalerzu.pl\/?p=2189","og_site_name":"U Wojtusia na talerzu","article_published_time":"2020-10-15T12:26:38+00:00","article_modified_time":"2020-10-15T12:26:40+00:00","og_image":[{"width":450,"height":445,"url":"https:\/\/uwojtusianatalerzu.pl\/wp-content\/uploads\/2020\/10\/1-4.jpg","type":"image\/jpeg"}],"author":"Michalina","twitter_card":"summary_large_image","twitter_misc":{"Napisane przez":"Michalina","Szacowany czas czytania":"1 minuta"},"schema":{"@context":"https:\/\/schema.org","@graph":[{"@type":"WebPage","@id":"https:\/\/uwojtusianatalerzu.pl\/?p=2189","url":"https:\/\/uwojtusianatalerzu.pl\/?p=2189","name":"Cytrusowy \u0142oso\u015b z kurkum\u0105 - U Wojtusia na talerzu","isPartOf":{"@id":"https:\/\/uwojtusianatalerzu.pl\/#website"},"primaryImageOfPage":{"@id":"https:\/\/uwojtusianatalerzu.pl\/?p=2189#primaryimage"},"image":{"@id":"https:\/\/uwojtusianatalerzu.pl\/?p=2189#primaryimage"},"thumbnailUrl":"https:\/\/uwojtusianatalerzu.pl\/wp-content\/uploads\/2020\/10\/1-4.jpg","datePublished":"2020-10-15T12:26:38+00:00","dateModified":"2020-10-15T12:26:40+00:00","author":{"@id":"https:\/\/uwojtusianatalerzu.pl\/#\/schema\/person\/79e29e86eb404b8101bb20866f135de5"},"breadcrumb":{"@id":"https:\/\/uwojtusianatalerzu.pl\/?p=2189#breadcrumb"},"inLanguage":"pl-PL","potentialAction":[{"@type":"ReadAction","target":["https:\/\/uwojtusianatalerzu.pl\/?p=2189"]}]},{"@type":"ImageObject","inLanguage":"pl-PL","@id":"https:\/\/uwojtusianatalerzu.pl\/?p=2189#primaryimage","url":"https:\/\/uwojtusianatalerzu.pl\/wp-content\/uploads\/2020\/10\/1-4.jpg","contentUrl":"https:\/\/uwojtusianatalerzu.pl\/wp-content\/uploads\/2020\/10\/1-4.jpg","width":450,"height":445},{"@type":"BreadcrumbList","@id":"https:\/\/uwojtusianatalerzu.pl\/?p=2189#breadcrumb","itemListElement":[{"@type":"ListItem","position":1,"name":"Strona g\u0142\u00f3wna","item":"https:\/\/uwojtusianatalerzu.pl\/"},{"@type":"ListItem","position":2,"name":"Cytrusowy \u0142oso\u015b z kurkum\u0105"}]},{"@type":"WebSite","@id":"https:\/\/uwojtusianatalerzu.pl\/#website","url":"https:\/\/uwojtusianatalerzu.pl\/","name":"U Wojtusia na talerzu","description":"U Wojtusia na talerzu to strona po\u015bwi\u0119cona \u017cywieniu dzieci od niemowlaka do starszaka","potentialAction":[{"@type":"SearchAction","target":{"@type":"EntryPoint","urlTemplate":"https:\/\/uwojtusianatalerzu.pl\/?s={search_term_string}"},"query-input":{"@type":"PropertyValueSpecification","valueRequired":true,"valueName":"search_term_string"}}],"inLanguage":"pl-PL"},{"@type":"Person","@id":"https:\/\/uwojtusianatalerzu.pl\/#\/schema\/person\/79e29e86eb404b8101bb20866f135de5","name":"Michalina","image":{"@type":"ImageObject","inLanguage":"pl-PL","@id":"https:\/\/uwojtusianatalerzu.pl\/#\/schema\/person\/image\/","url":"https:\/\/secure.gravatar.com\/avatar\/fc8dddf00a7e5b1b397e79c56fd58fb7f474bbdb447047b345a4afedc0929a7f?s=96&d=mm&r=g","contentUrl":"https:\/\/secure.gravatar.com\/avatar\/fc8dddf00a7e5b1b397e79c56fd58fb7f474bbdb447047b345a4afedc0929a7f?s=96&d=mm&r=g","caption":"Michalina"},"url":"https:\/\/uwojtusianatalerzu.pl\/?author=7"}]}},"_links":{"self":[{"href":"https:\/\/uwojtusianatalerzu.pl\/index.php?rest_route=\/wp\/v2\/posts\/2189","targetHints":{"allow":["GET"]}}],"collection":[{"href":"https:\/\/uwojtusianatalerzu.pl\/index.php?rest_route=\/wp\/v2\/posts"}],"about":[{"href":"https:\/\/uwojtusianatalerzu.pl\/index.php?rest_route=\/wp\/v2\/types\/post"}],"author":[{"embeddable":true,"href":"https:\/\/uwojtusianatalerzu.pl\/index.php?rest_route=\/wp\/v2\/users\/7"}],"replies":[{"embeddable":true,"href":"https:\/\/uwojtusianatalerzu.pl\/index.php?rest_route=%2Fwp%2Fv2%2Fcomments&post=2189"}],"version-history":[{"count":1,"href":"https:\/\/uwojtusianatalerzu.pl\/index.php?rest_route=\/wp\/v2\/posts\/2189\/revisions"}],"predecessor-version":[{"id":2191,"href":"https:\/\/uwojtusianatalerzu.pl\/index.php?rest_route=\/wp\/v2\/posts\/2189\/revisions\/2191"}],"wp:featuredmedia":[{"embeddable":true,"href":"https:\/\/uwojtusianatalerzu.pl\/index.php?rest_route=\/wp\/v2\/media\/2190"}],"wp:attachment":[{"href":"https:\/\/uwojtusianatalerzu.pl\/index.php?rest_route=%2Fwp%2Fv2%2Fmedia&parent=2189"}],"wp:term":[{"taxonomy":"category","embeddable":true,"href":"https:\/\/uwojtusianatalerzu.pl\/index.php?rest_route=%2Fwp%2Fv2%2Fcategories&post=2189"},{"taxonomy":"post_tag","embeddable":true,"href":"https:\/\/uwojtusianatalerzu.pl\/index.php?rest_route=%2Fwp%2Fv2%2Ftags&post=2189"}],"curies":[{"name":"wp","href":"https:\/\/api.w.org\/{rel}","templated":true}]}}