{"id":2127,"date":"2020-10-15T10:18:18","date_gmt":"2020-10-15T10:18:18","guid":{"rendered":"http:\/\/uwojtusianatalerzu.pl\/?p=2127"},"modified":"2020-10-15T10:18:19","modified_gmt":"2020-10-15T10:18:19","slug":"serowe-kopytka-z-makiem-i-musem-z-jagod","status":"publish","type":"post","link":"https:\/\/uwojtusianatalerzu.pl\/?p=2127","title":{"rendered":"Serowe kopytka z makiem i musem z jag\u00f3d"},"content":{"rendered":"\n<hr class=\"wp-block-separator is-style-wide\"\/>\n\n\n\n<p id=\"viewer-bqd4t\"><strong>Po 6 m (po wprowadzeniu bmk, glutenu i jajek, mak mo\u017cna pomin\u0105\u0107)<\/strong><\/p>\n\n\n\n<p id=\"viewer-flt5k\">Sk\u0142adniki: <\/p>\n\n\n\n<p id=\"viewer-flt5k\">\u2022 300 g ugotowanych ziemniak\u00f3w <br>\u2022 250 g twarogu <br>\u2022 1 jajko <br>\u2022 ok 1,5 szklanki maki pszennej <br>\u2022 2 \u0142y\u017cki maku<\/p>\n\n\n\n<hr class=\"wp-block-separator is-style-wide\"\/>\n\n\n\n<p>Przygotowanie:<\/p>\n\n\n\n<p id=\"viewer-aeuej\">Ugotowane i zimne ziemniaki przecisn\u0105\u0107 przez prask\u0119, ser r\u00f3wnie\u017c. Doda\u0107 jajko, m\u0105k\u0119 i mak. Wyrobi\u0107. Na blacie uformowa\u0107 z ciasta ruloniki i pokroi\u0107 je na niedu\u017ce kopytka. Wrzuci\u0107 do wrz\u0105tku i po wyp\u0142yni\u0119ciu gotowa\u0107 jeszcze 4 minuty. .<\/p>\n\n\n\n<p id=\"viewer-5kou5\">Mus z jag\u00f3d to mro\u017cone jagody zagotowane w garnuszku z \u0142y\u017ck\u0105 miodu.<\/p>\n\n\n\n<p id=\"viewer-eiljg\">Ja pola\u0142am kopytka r\u00f3wnie\u017c jogurtem naturalnym.<\/p>\n\n\n\n<p id=\"viewer-6j7tg\"><a href=\"https:\/\/www.uwojtusianatalerzu.pl\/blog\/search\/.hash.po6\">#po6<\/a><\/p>\n","protected":false},"excerpt":{"rendered":"<p>Po 6 m (po wprowadzeniu bmk, glutenu i jajek, mak mo\u017cna pomin\u0105\u0107) Sk\u0142adniki: \u2022 300 g ugotowanych ziemniak\u00f3w \u2022 250 g twarogu&hellip;<\/p>\n","protected":false},"author":7,"featured_media":2128,"comment_status":"open","ping_status":"open","sticky":false,"template":"","format":"standard","meta":{"footnotes":""},"categories":[29,3],"tags":[],"class_list":["post-2127","post","type-post","status-publish","format-standard","has-post-thumbnail","hentry","category-przepisy-blw","category-obiady"],"yoast_head":"<!-- This site is optimized with the Yoast SEO plugin v25.9 - https:\/\/yoast.com\/wordpress\/plugins\/seo\/ -->\n<title>Serowe kopytka z makiem i musem z jag\u00f3d - U Wojtusia na talerzu<\/title>\n<meta name=\"robots\" content=\"index, follow, max-snippet:-1, max-image-preview:large, max-video-preview:-1\" \/>\n<link rel=\"canonical\" href=\"https:\/\/uwojtusianatalerzu.pl\/?p=2127\" \/>\n<meta property=\"og:locale\" content=\"pl_PL\" \/>\n<meta property=\"og:type\" content=\"article\" \/>\n<meta property=\"og:title\" content=\"Serowe kopytka z makiem i musem z jag\u00f3d - U Wojtusia na talerzu\" \/>\n<meta property=\"og:description\" content=\"Po 6 m (po wprowadzeniu bmk, glutenu i jajek, mak mo\u017cna pomin\u0105\u0107) Sk\u0142adniki: \u2022 300 g ugotowanych ziemniak\u00f3w \u2022 250 g twarogu&hellip;\" \/>\n<meta property=\"og:url\" content=\"https:\/\/uwojtusianatalerzu.pl\/?p=2127\" \/>\n<meta property=\"og:site_name\" content=\"U Wojtusia na talerzu\" \/>\n<meta property=\"article:published_time\" content=\"2020-10-15T10:18:18+00:00\" \/>\n<meta property=\"article:modified_time\" content=\"2020-10-15T10:18:19+00:00\" \/>\n<meta property=\"og:image\" content=\"https:\/\/uwojtusianatalerzu.pl\/wp-content\/uploads\/2020\/10\/22-4.jpg\" \/>\n\t<meta property=\"og:image:width\" content=\"540\" \/>\n\t<meta property=\"og:image:height\" content=\"539\" \/>\n\t<meta property=\"og:image:type\" content=\"image\/jpeg\" \/>\n<meta name=\"author\" content=\"Michalina\" \/>\n<meta name=\"twitter:card\" content=\"summary_large_image\" \/>\n<meta name=\"twitter:label1\" content=\"Napisane przez\" \/>\n\t<meta name=\"twitter:data1\" content=\"Michalina\" \/>\n<script type=\"application\/ld+json\" class=\"yoast-schema-graph\">{\"@context\":\"https:\/\/schema.org\",\"@graph\":[{\"@type\":\"WebPage\",\"@id\":\"https:\/\/uwojtusianatalerzu.pl\/?p=2127\",\"url\":\"https:\/\/uwojtusianatalerzu.pl\/?p=2127\",\"name\":\"Serowe kopytka z makiem i musem z jag\u00f3d - U Wojtusia na talerzu\",\"isPartOf\":{\"@id\":\"https:\/\/uwojtusianatalerzu.pl\/#website\"},\"primaryImageOfPage\":{\"@id\":\"https:\/\/uwojtusianatalerzu.pl\/?p=2127#primaryimage\"},\"image\":{\"@id\":\"https:\/\/uwojtusianatalerzu.pl\/?p=2127#primaryimage\"},\"thumbnailUrl\":\"https:\/\/uwojtusianatalerzu.pl\/wp-content\/uploads\/2020\/10\/22-4.jpg\",\"datePublished\":\"2020-10-15T10:18:18+00:00\",\"dateModified\":\"2020-10-15T10:18:19+00:00\",\"author\":{\"@id\":\"https:\/\/uwojtusianatalerzu.pl\/#\/schema\/person\/79e29e86eb404b8101bb20866f135de5\"},\"breadcrumb\":{\"@id\":\"https:\/\/uwojtusianatalerzu.pl\/?p=2127#breadcrumb\"},\"inLanguage\":\"pl-PL\",\"potentialAction\":[{\"@type\":\"ReadAction\",\"target\":[\"https:\/\/uwojtusianatalerzu.pl\/?p=2127\"]}]},{\"@type\":\"ImageObject\",\"inLanguage\":\"pl-PL\",\"@id\":\"https:\/\/uwojtusianatalerzu.pl\/?p=2127#primaryimage\",\"url\":\"https:\/\/uwojtusianatalerzu.pl\/wp-content\/uploads\/2020\/10\/22-4.jpg\",\"contentUrl\":\"https:\/\/uwojtusianatalerzu.pl\/wp-content\/uploads\/2020\/10\/22-4.jpg\",\"width\":540,\"height\":539},{\"@type\":\"BreadcrumbList\",\"@id\":\"https:\/\/uwojtusianatalerzu.pl\/?p=2127#breadcrumb\",\"itemListElement\":[{\"@type\":\"ListItem\",\"position\":1,\"name\":\"Strona g\u0142\u00f3wna\",\"item\":\"https:\/\/uwojtusianatalerzu.pl\/\"},{\"@type\":\"ListItem\",\"position\":2,\"name\":\"Serowe kopytka z makiem i musem z jag\u00f3d\"}]},{\"@type\":\"WebSite\",\"@id\":\"https:\/\/uwojtusianatalerzu.pl\/#website\",\"url\":\"https:\/\/uwojtusianatalerzu.pl\/\",\"name\":\"U Wojtusia na talerzu\",\"description\":\"U Wojtusia na talerzu to strona po\u015bwi\u0119cona \u017cywieniu dzieci od niemowlaka do starszaka\",\"potentialAction\":[{\"@type\":\"SearchAction\",\"target\":{\"@type\":\"EntryPoint\",\"urlTemplate\":\"https:\/\/uwojtusianatalerzu.pl\/?s={search_term_string}\"},\"query-input\":{\"@type\":\"PropertyValueSpecification\",\"valueRequired\":true,\"valueName\":\"search_term_string\"}}],\"inLanguage\":\"pl-PL\"},{\"@type\":\"Person\",\"@id\":\"https:\/\/uwojtusianatalerzu.pl\/#\/schema\/person\/79e29e86eb404b8101bb20866f135de5\",\"name\":\"Michalina\",\"image\":{\"@type\":\"ImageObject\",\"inLanguage\":\"pl-PL\",\"@id\":\"https:\/\/uwojtusianatalerzu.pl\/#\/schema\/person\/image\/\",\"url\":\"https:\/\/secure.gravatar.com\/avatar\/fc8dddf00a7e5b1b397e79c56fd58fb7f474bbdb447047b345a4afedc0929a7f?s=96&d=mm&r=g\",\"contentUrl\":\"https:\/\/secure.gravatar.com\/avatar\/fc8dddf00a7e5b1b397e79c56fd58fb7f474bbdb447047b345a4afedc0929a7f?s=96&d=mm&r=g\",\"caption\":\"Michalina\"},\"url\":\"https:\/\/uwojtusianatalerzu.pl\/?author=7\"}]}<\/script>\n<!-- \/ Yoast SEO plugin. -->","yoast_head_json":{"title":"Serowe kopytka z makiem i musem z jag\u00f3d - U Wojtusia na talerzu","robots":{"index":"index","follow":"follow","max-snippet":"max-snippet:-1","max-image-preview":"max-image-preview:large","max-video-preview":"max-video-preview:-1"},"canonical":"https:\/\/uwojtusianatalerzu.pl\/?p=2127","og_locale":"pl_PL","og_type":"article","og_title":"Serowe kopytka z makiem i musem z jag\u00f3d - U Wojtusia na talerzu","og_description":"Po 6 m (po wprowadzeniu bmk, glutenu i jajek, mak mo\u017cna pomin\u0105\u0107) Sk\u0142adniki: \u2022 300 g ugotowanych ziemniak\u00f3w \u2022 250 g twarogu&hellip;","og_url":"https:\/\/uwojtusianatalerzu.pl\/?p=2127","og_site_name":"U Wojtusia na talerzu","article_published_time":"2020-10-15T10:18:18+00:00","article_modified_time":"2020-10-15T10:18:19+00:00","og_image":[{"width":540,"height":539,"url":"https:\/\/uwojtusianatalerzu.pl\/wp-content\/uploads\/2020\/10\/22-4.jpg","type":"image\/jpeg"}],"author":"Michalina","twitter_card":"summary_large_image","twitter_misc":{"Napisane przez":"Michalina"},"schema":{"@context":"https:\/\/schema.org","@graph":[{"@type":"WebPage","@id":"https:\/\/uwojtusianatalerzu.pl\/?p=2127","url":"https:\/\/uwojtusianatalerzu.pl\/?p=2127","name":"Serowe kopytka z makiem i musem z jag\u00f3d - U Wojtusia na talerzu","isPartOf":{"@id":"https:\/\/uwojtusianatalerzu.pl\/#website"},"primaryImageOfPage":{"@id":"https:\/\/uwojtusianatalerzu.pl\/?p=2127#primaryimage"},"image":{"@id":"https:\/\/uwojtusianatalerzu.pl\/?p=2127#primaryimage"},"thumbnailUrl":"https:\/\/uwojtusianatalerzu.pl\/wp-content\/uploads\/2020\/10\/22-4.jpg","datePublished":"2020-10-15T10:18:18+00:00","dateModified":"2020-10-15T10:18:19+00:00","author":{"@id":"https:\/\/uwojtusianatalerzu.pl\/#\/schema\/person\/79e29e86eb404b8101bb20866f135de5"},"breadcrumb":{"@id":"https:\/\/uwojtusianatalerzu.pl\/?p=2127#breadcrumb"},"inLanguage":"pl-PL","potentialAction":[{"@type":"ReadAction","target":["https:\/\/uwojtusianatalerzu.pl\/?p=2127"]}]},{"@type":"ImageObject","inLanguage":"pl-PL","@id":"https:\/\/uwojtusianatalerzu.pl\/?p=2127#primaryimage","url":"https:\/\/uwojtusianatalerzu.pl\/wp-content\/uploads\/2020\/10\/22-4.jpg","contentUrl":"https:\/\/uwojtusianatalerzu.pl\/wp-content\/uploads\/2020\/10\/22-4.jpg","width":540,"height":539},{"@type":"BreadcrumbList","@id":"https:\/\/uwojtusianatalerzu.pl\/?p=2127#breadcrumb","itemListElement":[{"@type":"ListItem","position":1,"name":"Strona g\u0142\u00f3wna","item":"https:\/\/uwojtusianatalerzu.pl\/"},{"@type":"ListItem","position":2,"name":"Serowe kopytka z makiem i musem z jag\u00f3d"}]},{"@type":"WebSite","@id":"https:\/\/uwojtusianatalerzu.pl\/#website","url":"https:\/\/uwojtusianatalerzu.pl\/","name":"U Wojtusia na talerzu","description":"U Wojtusia na talerzu to strona po\u015bwi\u0119cona \u017cywieniu dzieci od niemowlaka do starszaka","potentialAction":[{"@type":"SearchAction","target":{"@type":"EntryPoint","urlTemplate":"https:\/\/uwojtusianatalerzu.pl\/?s={search_term_string}"},"query-input":{"@type":"PropertyValueSpecification","valueRequired":true,"valueName":"search_term_string"}}],"inLanguage":"pl-PL"},{"@type":"Person","@id":"https:\/\/uwojtusianatalerzu.pl\/#\/schema\/person\/79e29e86eb404b8101bb20866f135de5","name":"Michalina","image":{"@type":"ImageObject","inLanguage":"pl-PL","@id":"https:\/\/uwojtusianatalerzu.pl\/#\/schema\/person\/image\/","url":"https:\/\/secure.gravatar.com\/avatar\/fc8dddf00a7e5b1b397e79c56fd58fb7f474bbdb447047b345a4afedc0929a7f?s=96&d=mm&r=g","contentUrl":"https:\/\/secure.gravatar.com\/avatar\/fc8dddf00a7e5b1b397e79c56fd58fb7f474bbdb447047b345a4afedc0929a7f?s=96&d=mm&r=g","caption":"Michalina"},"url":"https:\/\/uwojtusianatalerzu.pl\/?author=7"}]}},"_links":{"self":[{"href":"https:\/\/uwojtusianatalerzu.pl\/index.php?rest_route=\/wp\/v2\/posts\/2127","targetHints":{"allow":["GET"]}}],"collection":[{"href":"https:\/\/uwojtusianatalerzu.pl\/index.php?rest_route=\/wp\/v2\/posts"}],"about":[{"href":"https:\/\/uwojtusianatalerzu.pl\/index.php?rest_route=\/wp\/v2\/types\/post"}],"author":[{"embeddable":true,"href":"https:\/\/uwojtusianatalerzu.pl\/index.php?rest_route=\/wp\/v2\/users\/7"}],"replies":[{"embeddable":true,"href":"https:\/\/uwojtusianatalerzu.pl\/index.php?rest_route=%2Fwp%2Fv2%2Fcomments&post=2127"}],"version-history":[{"count":1,"href":"https:\/\/uwojtusianatalerzu.pl\/index.php?rest_route=\/wp\/v2\/posts\/2127\/revisions"}],"predecessor-version":[{"id":2129,"href":"https:\/\/uwojtusianatalerzu.pl\/index.php?rest_route=\/wp\/v2\/posts\/2127\/revisions\/2129"}],"wp:featuredmedia":[{"embeddable":true,"href":"https:\/\/uwojtusianatalerzu.pl\/index.php?rest_route=\/wp\/v2\/media\/2128"}],"wp:attachment":[{"href":"https:\/\/uwojtusianatalerzu.pl\/index.php?rest_route=%2Fwp%2Fv2%2Fmedia&parent=2127"}],"wp:term":[{"taxonomy":"category","embeddable":true,"href":"https:\/\/uwojtusianatalerzu.pl\/index.php?rest_route=%2Fwp%2Fv2%2Fcategories&post=2127"},{"taxonomy":"post_tag","embeddable":true,"href":"https:\/\/uwojtusianatalerzu.pl\/index.php?rest_route=%2Fwp%2Fv2%2Ftags&post=2127"}],"curies":[{"name":"wp","href":"https:\/\/api.w.org\/{rel}","templated":true}]}}