{"id":1700,"date":"2020-10-13T17:00:20","date_gmt":"2020-10-13T17:00:20","guid":{"rendered":"http:\/\/uwojtusianatalerzu.pl\/?p=1700"},"modified":"2020-10-19T11:37:30","modified_gmt":"2020-10-19T11:37:30","slug":"pare-slow-o-mrozeniu","status":"publish","type":"post","link":"https:\/\/uwojtusianatalerzu.pl\/?p=1700","title":{"rendered":"PAR\u0118 S\u0141\u00d3W O MRO\u017bENIU"},"content":{"rendered":"\n<p>Mro\u017cenie &#8211; temat wydaje si\u0119 by\u0107 banalny, ale czy faktycznie jest? Czy wiesz ile czasu mo\u017cna przechowywa\u0107 produkty w zamra\u017carce? Je\u015bli nie to koniecznie przeczytaj.<\/p>\n\n\n\n<hr class=\"wp-block-separator is-style-wide\"\/>\n\n\n\n<p id=\"viewer-eu56p\">Mi\u0119so mielone nie powinno le\u017ce\u0107 d\u0142u\u017cej w zamra\u017carce ni\u017c 2 miesi\u0105ce. Bez wzgl\u0119du na to czy jest to mi\u0119so wieprzowe, z indyka czy wo\u0142owe. Dla odmiany kurczak w ca\u0142o\u015bci lub w kawa\u0142ku (ale nie mielony) mo\u017ce by\u0107 przechowywany o miesi\u0105c d\u0142u\u017cej, a wo\u0142owina i ciel\u0119cina nawet do 8 miesi\u0119cy. Z rybami jest troch\u0119 inaczej. Ryby powinny by\u0107 zjedzone do 6 miesi\u0119cy od momentu zamro\u017cenia.<\/p>\n\n\n\n<h2 class=\"wp-block-heading\" id=\"viewer-11h0o\"><strong>A co z owocami i warzywami?<\/strong><\/h2>\n\n\n\n<p id=\"viewer-6dctl\">Maliny i truskawki najlepiej jest zje\u015b\u0107 w ci\u0105gu 3-4 miesi\u0119cy. Jagody i bor\u00f3wki wytrzymaj\u0105 w zamra\u017carce o miesi\u0105c d\u0142u\u017cej podobnie zreszt\u0105 jak warzywa korzeniowe typu marchewka, seler, pietruszka. Do 8 miesi\u0119cy mo\u017cemy przechowywa\u0107 warzywa str\u0105czkowe np. fasolk\u0119 szparagow\u0105. Najd\u0142u\u017cej mo\u017cemy trzyma\u0107 warzywa , kt\u00f3re maj\u0105 du\u017co wody &#8211; dynia, cukinia, bak\u0142a\u017can, szpinak.<\/p>\n\n\n\n<h2 class=\"wp-block-heading\" id=\"viewer-6e1uj\"><strong>Czy mo\u017cemy mrozi\u0107 nabia\u0142?<\/strong><\/h2>\n\n\n\n<p id=\"viewer-6bmo9\">Ja nie polecam. Nabia\u0142 \u0142atwo si\u0119 psuje i mro\u017cenie mo\u017ce mie\u0107 wp\u0142yw na jego smak. W dodatku po rozmro\u017ceniu jest du\u017ca szansa, \u017ce zmieni si\u0119 jego konsystencja.<\/p>\n\n\n\n<h2 class=\"wp-block-heading\" id=\"viewer-aqacr\"><strong>Czy mog\u0119 mrozi\u0107 ju\u017c gotowe dania dla dziecka?<\/strong><\/h2>\n\n\n\n<p id=\"viewer-53pth\">Ok, ugotowali\u015bcie za du\u017co i mrozicie co\u015b na czarn\u0105 godzin\u0119. Pami\u0119tajcie jednak, \u017ce ta czarna godzina musi nadej\u015b\u0107 w ci\u0105gu miesi\u0105ca. Po tym czasie obiadek dla dziecka cz\u0119sto nie nadaje si\u0119 do podania. Mro\u017c\u0105c zupki pami\u0119tajmy, by nie mrozi\u0107 ich z makaronem\/ry\u017cem &#8211; to mo\u017ce dodatkowo skr\u00f3ci\u0107 okres przydatno\u015bci do jedzenia.<\/p>\n\n\n\n<p id=\"viewer-dr67b\">A \u017ceby mie\u0107 wszystko pod kontrol\u0105, warto zaopatrzy\u0107 si\u0119 w cen\u00f3wki, kt\u00f3re przykleicie na mro\u017conce wraz z dat\u0105 zamro\u017cenia. To pomo\u017ce rozwia\u0107 w\u0105tpliwo\u015bci czy aby na pewno okres zdatno\u015bci do spo\u017cycia ju\u017c nie min\u0105\u0142.<\/p>\n","protected":false},"excerpt":{"rendered":"<p>Mro\u017cenie &#8211; temat wydaje si\u0119 by\u0107 banalny, ale czy faktycznie jest? Czy wiesz ile czasu mo\u017cna przechowywa\u0107 produkty w zamra\u017carce? Je\u015bli nie&hellip;<\/p>\n","protected":false},"author":7,"featured_media":2487,"comment_status":"open","ping_status":"open","sticky":false,"template":"","format":"standard","meta":{"footnotes":""},"categories":[28],"tags":[],"class_list":["post-1700","post","type-post","status-publish","format-standard","has-post-thumbnail","hentry","category-blog"],"yoast_head":"<!-- This site is optimized with the Yoast SEO plugin v25.9 - https:\/\/yoast.com\/wordpress\/plugins\/seo\/ -->\n<title>PAR\u0118 S\u0141\u00d3W O MRO\u017bENIU - U Wojtusia na talerzu<\/title>\n<meta name=\"robots\" content=\"index, follow, max-snippet:-1, max-image-preview:large, max-video-preview:-1\" \/>\n<link rel=\"canonical\" href=\"https:\/\/uwojtusianatalerzu.pl\/?p=1700\" \/>\n<meta property=\"og:locale\" content=\"pl_PL\" \/>\n<meta property=\"og:type\" content=\"article\" \/>\n<meta property=\"og:title\" content=\"PAR\u0118 S\u0141\u00d3W O MRO\u017bENIU - U Wojtusia na talerzu\" \/>\n<meta property=\"og:description\" content=\"Mro\u017cenie &#8211; temat wydaje si\u0119 by\u0107 banalny, ale czy faktycznie jest? Czy wiesz ile czasu mo\u017cna przechowywa\u0107 produkty w zamra\u017carce? Je\u015bli nie&hellip;\" \/>\n<meta property=\"og:url\" content=\"https:\/\/uwojtusianatalerzu.pl\/?p=1700\" \/>\n<meta property=\"og:site_name\" content=\"U Wojtusia na talerzu\" \/>\n<meta property=\"article:published_time\" content=\"2020-10-13T17:00:20+00:00\" \/>\n<meta property=\"article:modified_time\" content=\"2020-10-19T11:37:30+00:00\" \/>\n<meta property=\"og:image\" content=\"https:\/\/uwojtusianatalerzu.pl\/wp-content\/uploads\/2020\/10\/67.jpg\" \/>\n\t<meta property=\"og:image:width\" content=\"540\" \/>\n\t<meta property=\"og:image:height\" content=\"386\" \/>\n\t<meta property=\"og:image:type\" content=\"image\/jpeg\" \/>\n<meta name=\"author\" content=\"Michalina\" \/>\n<meta name=\"twitter:card\" content=\"summary_large_image\" \/>\n<meta name=\"twitter:label1\" content=\"Napisane przez\" \/>\n\t<meta name=\"twitter:data1\" content=\"Michalina\" \/>\n\t<meta name=\"twitter:label2\" content=\"Szacowany czas czytania\" \/>\n\t<meta name=\"twitter:data2\" content=\"2 minuty\" \/>\n<script type=\"application\/ld+json\" class=\"yoast-schema-graph\">{\"@context\":\"https:\/\/schema.org\",\"@graph\":[{\"@type\":\"WebPage\",\"@id\":\"https:\/\/uwojtusianatalerzu.pl\/?p=1700\",\"url\":\"https:\/\/uwojtusianatalerzu.pl\/?p=1700\",\"name\":\"PAR\u0118 S\u0141\u00d3W O MRO\u017bENIU - U Wojtusia na talerzu\",\"isPartOf\":{\"@id\":\"https:\/\/uwojtusianatalerzu.pl\/#website\"},\"primaryImageOfPage\":{\"@id\":\"https:\/\/uwojtusianatalerzu.pl\/?p=1700#primaryimage\"},\"image\":{\"@id\":\"https:\/\/uwojtusianatalerzu.pl\/?p=1700#primaryimage\"},\"thumbnailUrl\":\"https:\/\/uwojtusianatalerzu.pl\/wp-content\/uploads\/2020\/10\/67.jpg\",\"datePublished\":\"2020-10-13T17:00:20+00:00\",\"dateModified\":\"2020-10-19T11:37:30+00:00\",\"author\":{\"@id\":\"https:\/\/uwojtusianatalerzu.pl\/#\/schema\/person\/79e29e86eb404b8101bb20866f135de5\"},\"breadcrumb\":{\"@id\":\"https:\/\/uwojtusianatalerzu.pl\/?p=1700#breadcrumb\"},\"inLanguage\":\"pl-PL\",\"potentialAction\":[{\"@type\":\"ReadAction\",\"target\":[\"https:\/\/uwojtusianatalerzu.pl\/?p=1700\"]}]},{\"@type\":\"ImageObject\",\"inLanguage\":\"pl-PL\",\"@id\":\"https:\/\/uwojtusianatalerzu.pl\/?p=1700#primaryimage\",\"url\":\"https:\/\/uwojtusianatalerzu.pl\/wp-content\/uploads\/2020\/10\/67.jpg\",\"contentUrl\":\"https:\/\/uwojtusianatalerzu.pl\/wp-content\/uploads\/2020\/10\/67.jpg\",\"width\":540,\"height\":386},{\"@type\":\"BreadcrumbList\",\"@id\":\"https:\/\/uwojtusianatalerzu.pl\/?p=1700#breadcrumb\",\"itemListElement\":[{\"@type\":\"ListItem\",\"position\":1,\"name\":\"Strona g\u0142\u00f3wna\",\"item\":\"https:\/\/uwojtusianatalerzu.pl\/\"},{\"@type\":\"ListItem\",\"position\":2,\"name\":\"PAR\u0118 S\u0141\u00d3W O MRO\u017bENIU\"}]},{\"@type\":\"WebSite\",\"@id\":\"https:\/\/uwojtusianatalerzu.pl\/#website\",\"url\":\"https:\/\/uwojtusianatalerzu.pl\/\",\"name\":\"U Wojtusia na talerzu\",\"description\":\"U Wojtusia na talerzu to strona po\u015bwi\u0119cona \u017cywieniu dzieci od niemowlaka do starszaka\",\"potentialAction\":[{\"@type\":\"SearchAction\",\"target\":{\"@type\":\"EntryPoint\",\"urlTemplate\":\"https:\/\/uwojtusianatalerzu.pl\/?s={search_term_string}\"},\"query-input\":{\"@type\":\"PropertyValueSpecification\",\"valueRequired\":true,\"valueName\":\"search_term_string\"}}],\"inLanguage\":\"pl-PL\"},{\"@type\":\"Person\",\"@id\":\"https:\/\/uwojtusianatalerzu.pl\/#\/schema\/person\/79e29e86eb404b8101bb20866f135de5\",\"name\":\"Michalina\",\"image\":{\"@type\":\"ImageObject\",\"inLanguage\":\"pl-PL\",\"@id\":\"https:\/\/uwojtusianatalerzu.pl\/#\/schema\/person\/image\/\",\"url\":\"https:\/\/secure.gravatar.com\/avatar\/fc8dddf00a7e5b1b397e79c56fd58fb7f474bbdb447047b345a4afedc0929a7f?s=96&d=mm&r=g\",\"contentUrl\":\"https:\/\/secure.gravatar.com\/avatar\/fc8dddf00a7e5b1b397e79c56fd58fb7f474bbdb447047b345a4afedc0929a7f?s=96&d=mm&r=g\",\"caption\":\"Michalina\"},\"url\":\"https:\/\/uwojtusianatalerzu.pl\/?author=7\"}]}<\/script>\n<!-- \/ Yoast SEO plugin. -->","yoast_head_json":{"title":"PAR\u0118 S\u0141\u00d3W O MRO\u017bENIU - U Wojtusia na talerzu","robots":{"index":"index","follow":"follow","max-snippet":"max-snippet:-1","max-image-preview":"max-image-preview:large","max-video-preview":"max-video-preview:-1"},"canonical":"https:\/\/uwojtusianatalerzu.pl\/?p=1700","og_locale":"pl_PL","og_type":"article","og_title":"PAR\u0118 S\u0141\u00d3W O MRO\u017bENIU - U Wojtusia na talerzu","og_description":"Mro\u017cenie &#8211; temat wydaje si\u0119 by\u0107 banalny, ale czy faktycznie jest? Czy wiesz ile czasu mo\u017cna przechowywa\u0107 produkty w zamra\u017carce? Je\u015bli nie&hellip;","og_url":"https:\/\/uwojtusianatalerzu.pl\/?p=1700","og_site_name":"U Wojtusia na talerzu","article_published_time":"2020-10-13T17:00:20+00:00","article_modified_time":"2020-10-19T11:37:30+00:00","og_image":[{"width":540,"height":386,"url":"https:\/\/uwojtusianatalerzu.pl\/wp-content\/uploads\/2020\/10\/67.jpg","type":"image\/jpeg"}],"author":"Michalina","twitter_card":"summary_large_image","twitter_misc":{"Napisane przez":"Michalina","Szacowany czas czytania":"2 minuty"},"schema":{"@context":"https:\/\/schema.org","@graph":[{"@type":"WebPage","@id":"https:\/\/uwojtusianatalerzu.pl\/?p=1700","url":"https:\/\/uwojtusianatalerzu.pl\/?p=1700","name":"PAR\u0118 S\u0141\u00d3W O MRO\u017bENIU - U Wojtusia na talerzu","isPartOf":{"@id":"https:\/\/uwojtusianatalerzu.pl\/#website"},"primaryImageOfPage":{"@id":"https:\/\/uwojtusianatalerzu.pl\/?p=1700#primaryimage"},"image":{"@id":"https:\/\/uwojtusianatalerzu.pl\/?p=1700#primaryimage"},"thumbnailUrl":"https:\/\/uwojtusianatalerzu.pl\/wp-content\/uploads\/2020\/10\/67.jpg","datePublished":"2020-10-13T17:00:20+00:00","dateModified":"2020-10-19T11:37:30+00:00","author":{"@id":"https:\/\/uwojtusianatalerzu.pl\/#\/schema\/person\/79e29e86eb404b8101bb20866f135de5"},"breadcrumb":{"@id":"https:\/\/uwojtusianatalerzu.pl\/?p=1700#breadcrumb"},"inLanguage":"pl-PL","potentialAction":[{"@type":"ReadAction","target":["https:\/\/uwojtusianatalerzu.pl\/?p=1700"]}]},{"@type":"ImageObject","inLanguage":"pl-PL","@id":"https:\/\/uwojtusianatalerzu.pl\/?p=1700#primaryimage","url":"https:\/\/uwojtusianatalerzu.pl\/wp-content\/uploads\/2020\/10\/67.jpg","contentUrl":"https:\/\/uwojtusianatalerzu.pl\/wp-content\/uploads\/2020\/10\/67.jpg","width":540,"height":386},{"@type":"BreadcrumbList","@id":"https:\/\/uwojtusianatalerzu.pl\/?p=1700#breadcrumb","itemListElement":[{"@type":"ListItem","position":1,"name":"Strona g\u0142\u00f3wna","item":"https:\/\/uwojtusianatalerzu.pl\/"},{"@type":"ListItem","position":2,"name":"PAR\u0118 S\u0141\u00d3W O MRO\u017bENIU"}]},{"@type":"WebSite","@id":"https:\/\/uwojtusianatalerzu.pl\/#website","url":"https:\/\/uwojtusianatalerzu.pl\/","name":"U Wojtusia na talerzu","description":"U Wojtusia na talerzu to strona po\u015bwi\u0119cona \u017cywieniu dzieci od niemowlaka do starszaka","potentialAction":[{"@type":"SearchAction","target":{"@type":"EntryPoint","urlTemplate":"https:\/\/uwojtusianatalerzu.pl\/?s={search_term_string}"},"query-input":{"@type":"PropertyValueSpecification","valueRequired":true,"valueName":"search_term_string"}}],"inLanguage":"pl-PL"},{"@type":"Person","@id":"https:\/\/uwojtusianatalerzu.pl\/#\/schema\/person\/79e29e86eb404b8101bb20866f135de5","name":"Michalina","image":{"@type":"ImageObject","inLanguage":"pl-PL","@id":"https:\/\/uwojtusianatalerzu.pl\/#\/schema\/person\/image\/","url":"https:\/\/secure.gravatar.com\/avatar\/fc8dddf00a7e5b1b397e79c56fd58fb7f474bbdb447047b345a4afedc0929a7f?s=96&d=mm&r=g","contentUrl":"https:\/\/secure.gravatar.com\/avatar\/fc8dddf00a7e5b1b397e79c56fd58fb7f474bbdb447047b345a4afedc0929a7f?s=96&d=mm&r=g","caption":"Michalina"},"url":"https:\/\/uwojtusianatalerzu.pl\/?author=7"}]}},"_links":{"self":[{"href":"https:\/\/uwojtusianatalerzu.pl\/index.php?rest_route=\/wp\/v2\/posts\/1700","targetHints":{"allow":["GET"]}}],"collection":[{"href":"https:\/\/uwojtusianatalerzu.pl\/index.php?rest_route=\/wp\/v2\/posts"}],"about":[{"href":"https:\/\/uwojtusianatalerzu.pl\/index.php?rest_route=\/wp\/v2\/types\/post"}],"author":[{"embeddable":true,"href":"https:\/\/uwojtusianatalerzu.pl\/index.php?rest_route=\/wp\/v2\/users\/7"}],"replies":[{"embeddable":true,"href":"https:\/\/uwojtusianatalerzu.pl\/index.php?rest_route=%2Fwp%2Fv2%2Fcomments&post=1700"}],"version-history":[{"count":2,"href":"https:\/\/uwojtusianatalerzu.pl\/index.php?rest_route=\/wp\/v2\/posts\/1700\/revisions"}],"predecessor-version":[{"id":2488,"href":"https:\/\/uwojtusianatalerzu.pl\/index.php?rest_route=\/wp\/v2\/posts\/1700\/revisions\/2488"}],"wp:featuredmedia":[{"embeddable":true,"href":"https:\/\/uwojtusianatalerzu.pl\/index.php?rest_route=\/wp\/v2\/media\/2487"}],"wp:attachment":[{"href":"https:\/\/uwojtusianatalerzu.pl\/index.php?rest_route=%2Fwp%2Fv2%2Fmedia&parent=1700"}],"wp:term":[{"taxonomy":"category","embeddable":true,"href":"https:\/\/uwojtusianatalerzu.pl\/index.php?rest_route=%2Fwp%2Fv2%2Fcategories&post=1700"},{"taxonomy":"post_tag","embeddable":true,"href":"https:\/\/uwojtusianatalerzu.pl\/index.php?rest_route=%2Fwp%2Fv2%2Ftags&post=1700"}],"curies":[{"name":"wp","href":"https:\/\/api.w.org\/{rel}","templated":true}]}}