{"id":1698,"date":"2020-10-13T16:57:35","date_gmt":"2020-10-13T16:57:35","guid":{"rendered":"http:\/\/uwojtusianatalerzu.pl\/?p=1698"},"modified":"2020-10-19T11:38:47","modified_gmt":"2020-10-19T11:38:47","slug":"dlaczego-herbatka-z-kopru-wloskiego-moze-zaszkodzic-naszemu-dziecku","status":"publish","type":"post","link":"https:\/\/uwojtusianatalerzu.pl\/?p=1698","title":{"rendered":"DLACZEGO HERBATKA Z KOPRU W\u0141OSKIEGO MO\u017bE ZASZKODZI\u0106 NASZEMU DZIECKU?"},"content":{"rendered":"\n<p>Jeszcze niedawno uwa\u017cano, \u017ce herbata z kopru w\u0142oskiego to najwspanialsze rozwi\u0105zanie przy bol\u0105cym brzuszku czy kolkach. Dopiero niedawno okaza\u0142o si\u0119, \u017ce podawanie jej dziecku powoduje wi\u0119cej szkody ni\u017c po\u017cytku. Dlaczego?<\/p>\n\n\n\n<hr class=\"wp-block-separator is-style-wide\"\/>\n\n\n\n<p id=\"viewer-3ke8r\">Estragol &#8211; substancja zawarta w ziarnach kopru w\u0142oskiego jest rakotw\u00f3rcza.<\/p>\n\n\n\n<p id=\"viewer-f9pi1\">Podawanie jej dziecku zwi\u0119ksza ryzyko zachorowania w p\u00f3\u017aniejszym czasie.<\/p>\n\n\n\n<p id=\"viewer-aunua\">Wed\u0142ug agencji EMEA podawanie herbaty z kopru powinno by\u0107 zabronione do 4 roku \u017cycia.<\/p>\n\n\n\n<p id=\"viewer-fkp27\">Co wi\u0119cej noworodki i niemowl\u0119ta dopajane herbat\u0105 z kopru w\u0142oskiego mog\u0105 rzadziej domaga\u0107 si\u0119 mleka, poniewa\u017c nie odczuwaj\u0105 pragnienia. Dla mam karmi\u0105cych piersi\u0105 mo\u017ce si\u0119 to wi\u0105za\u0107 z zaburzeniami laktacji.<\/p>\n","protected":false},"excerpt":{"rendered":"<p>Jeszcze niedawno uwa\u017cano, \u017ce herbata z kopru w\u0142oskiego to najwspanialsze rozwi\u0105zanie przy bol\u0105cym brzuszku czy kolkach. Dopiero niedawno okaza\u0142o si\u0119, \u017ce podawanie&hellip;<\/p>\n","protected":false},"author":7,"featured_media":2489,"comment_status":"open","ping_status":"open","sticky":false,"template":"","format":"standard","meta":{"footnotes":""},"categories":[28],"tags":[],"class_list":["post-1698","post","type-post","status-publish","format-standard","has-post-thumbnail","hentry","category-blog"],"yoast_head":"<!-- This site is optimized with the Yoast SEO plugin v25.9 - https:\/\/yoast.com\/wordpress\/plugins\/seo\/ -->\n<title>DLACZEGO HERBATKA Z KOPRU W\u0141OSKIEGO MO\u017bE ZASZKODZI\u0106 NASZEMU DZIECKU? - U Wojtusia na talerzu<\/title>\n<meta name=\"robots\" content=\"index, follow, max-snippet:-1, max-image-preview:large, max-video-preview:-1\" \/>\n<link rel=\"canonical\" href=\"https:\/\/uwojtusianatalerzu.pl\/?p=1698\" \/>\n<meta property=\"og:locale\" content=\"pl_PL\" \/>\n<meta property=\"og:type\" content=\"article\" \/>\n<meta property=\"og:title\" content=\"DLACZEGO HERBATKA Z KOPRU W\u0141OSKIEGO MO\u017bE ZASZKODZI\u0106 NASZEMU DZIECKU? - U Wojtusia na talerzu\" \/>\n<meta property=\"og:description\" content=\"Jeszcze niedawno uwa\u017cano, \u017ce herbata z kopru w\u0142oskiego to najwspanialsze rozwi\u0105zanie przy bol\u0105cym brzuszku czy kolkach. Dopiero niedawno okaza\u0142o si\u0119, \u017ce podawanie&hellip;\" \/>\n<meta property=\"og:url\" content=\"https:\/\/uwojtusianatalerzu.pl\/?p=1698\" \/>\n<meta property=\"og:site_name\" content=\"U Wojtusia na talerzu\" \/>\n<meta property=\"article:published_time\" content=\"2020-10-13T16:57:35+00:00\" \/>\n<meta property=\"article:modified_time\" content=\"2020-10-19T11:38:47+00:00\" \/>\n<meta property=\"og:image\" content=\"https:\/\/uwojtusianatalerzu.pl\/wp-content\/uploads\/2020\/10\/68.jpg\" \/>\n\t<meta property=\"og:image:width\" content=\"540\" \/>\n\t<meta property=\"og:image:height\" content=\"360\" \/>\n\t<meta property=\"og:image:type\" content=\"image\/jpeg\" \/>\n<meta name=\"author\" content=\"Michalina\" \/>\n<meta name=\"twitter:card\" content=\"summary_large_image\" \/>\n<meta name=\"twitter:label1\" content=\"Napisane przez\" \/>\n\t<meta name=\"twitter:data1\" content=\"Michalina\" \/>\n\t<meta name=\"twitter:label2\" content=\"Szacowany czas czytania\" \/>\n\t<meta name=\"twitter:data2\" content=\"1 minuta\" \/>\n<script type=\"application\/ld+json\" class=\"yoast-schema-graph\">{\"@context\":\"https:\/\/schema.org\",\"@graph\":[{\"@type\":\"WebPage\",\"@id\":\"https:\/\/uwojtusianatalerzu.pl\/?p=1698\",\"url\":\"https:\/\/uwojtusianatalerzu.pl\/?p=1698\",\"name\":\"DLACZEGO HERBATKA Z KOPRU W\u0141OSKIEGO MO\u017bE ZASZKODZI\u0106 NASZEMU DZIECKU? - U Wojtusia na talerzu\",\"isPartOf\":{\"@id\":\"https:\/\/uwojtusianatalerzu.pl\/#website\"},\"primaryImageOfPage\":{\"@id\":\"https:\/\/uwojtusianatalerzu.pl\/?p=1698#primaryimage\"},\"image\":{\"@id\":\"https:\/\/uwojtusianatalerzu.pl\/?p=1698#primaryimage\"},\"thumbnailUrl\":\"https:\/\/uwojtusianatalerzu.pl\/wp-content\/uploads\/2020\/10\/68.jpg\",\"datePublished\":\"2020-10-13T16:57:35+00:00\",\"dateModified\":\"2020-10-19T11:38:47+00:00\",\"author\":{\"@id\":\"https:\/\/uwojtusianatalerzu.pl\/#\/schema\/person\/79e29e86eb404b8101bb20866f135de5\"},\"breadcrumb\":{\"@id\":\"https:\/\/uwojtusianatalerzu.pl\/?p=1698#breadcrumb\"},\"inLanguage\":\"pl-PL\",\"potentialAction\":[{\"@type\":\"ReadAction\",\"target\":[\"https:\/\/uwojtusianatalerzu.pl\/?p=1698\"]}]},{\"@type\":\"ImageObject\",\"inLanguage\":\"pl-PL\",\"@id\":\"https:\/\/uwojtusianatalerzu.pl\/?p=1698#primaryimage\",\"url\":\"https:\/\/uwojtusianatalerzu.pl\/wp-content\/uploads\/2020\/10\/68.jpg\",\"contentUrl\":\"https:\/\/uwojtusianatalerzu.pl\/wp-content\/uploads\/2020\/10\/68.jpg\",\"width\":540,\"height\":360},{\"@type\":\"BreadcrumbList\",\"@id\":\"https:\/\/uwojtusianatalerzu.pl\/?p=1698#breadcrumb\",\"itemListElement\":[{\"@type\":\"ListItem\",\"position\":1,\"name\":\"Strona g\u0142\u00f3wna\",\"item\":\"https:\/\/uwojtusianatalerzu.pl\/\"},{\"@type\":\"ListItem\",\"position\":2,\"name\":\"DLACZEGO HERBATKA Z KOPRU W\u0141OSKIEGO MO\u017bE ZASZKODZI\u0106 NASZEMU DZIECKU?\"}]},{\"@type\":\"WebSite\",\"@id\":\"https:\/\/uwojtusianatalerzu.pl\/#website\",\"url\":\"https:\/\/uwojtusianatalerzu.pl\/\",\"name\":\"U Wojtusia na talerzu\",\"description\":\"U Wojtusia na talerzu to strona po\u015bwi\u0119cona \u017cywieniu dzieci od niemowlaka do starszaka\",\"potentialAction\":[{\"@type\":\"SearchAction\",\"target\":{\"@type\":\"EntryPoint\",\"urlTemplate\":\"https:\/\/uwojtusianatalerzu.pl\/?s={search_term_string}\"},\"query-input\":{\"@type\":\"PropertyValueSpecification\",\"valueRequired\":true,\"valueName\":\"search_term_string\"}}],\"inLanguage\":\"pl-PL\"},{\"@type\":\"Person\",\"@id\":\"https:\/\/uwojtusianatalerzu.pl\/#\/schema\/person\/79e29e86eb404b8101bb20866f135de5\",\"name\":\"Michalina\",\"image\":{\"@type\":\"ImageObject\",\"inLanguage\":\"pl-PL\",\"@id\":\"https:\/\/uwojtusianatalerzu.pl\/#\/schema\/person\/image\/\",\"url\":\"https:\/\/secure.gravatar.com\/avatar\/fc8dddf00a7e5b1b397e79c56fd58fb7f474bbdb447047b345a4afedc0929a7f?s=96&d=mm&r=g\",\"contentUrl\":\"https:\/\/secure.gravatar.com\/avatar\/fc8dddf00a7e5b1b397e79c56fd58fb7f474bbdb447047b345a4afedc0929a7f?s=96&d=mm&r=g\",\"caption\":\"Michalina\"},\"url\":\"https:\/\/uwojtusianatalerzu.pl\/?author=7\"}]}<\/script>\n<!-- \/ Yoast SEO plugin. -->","yoast_head_json":{"title":"DLACZEGO HERBATKA Z KOPRU W\u0141OSKIEGO MO\u017bE ZASZKODZI\u0106 NASZEMU DZIECKU? - U Wojtusia na talerzu","robots":{"index":"index","follow":"follow","max-snippet":"max-snippet:-1","max-image-preview":"max-image-preview:large","max-video-preview":"max-video-preview:-1"},"canonical":"https:\/\/uwojtusianatalerzu.pl\/?p=1698","og_locale":"pl_PL","og_type":"article","og_title":"DLACZEGO HERBATKA Z KOPRU W\u0141OSKIEGO MO\u017bE ZASZKODZI\u0106 NASZEMU DZIECKU? - U Wojtusia na talerzu","og_description":"Jeszcze niedawno uwa\u017cano, \u017ce herbata z kopru w\u0142oskiego to najwspanialsze rozwi\u0105zanie przy bol\u0105cym brzuszku czy kolkach. Dopiero niedawno okaza\u0142o si\u0119, \u017ce podawanie&hellip;","og_url":"https:\/\/uwojtusianatalerzu.pl\/?p=1698","og_site_name":"U Wojtusia na talerzu","article_published_time":"2020-10-13T16:57:35+00:00","article_modified_time":"2020-10-19T11:38:47+00:00","og_image":[{"width":540,"height":360,"url":"https:\/\/uwojtusianatalerzu.pl\/wp-content\/uploads\/2020\/10\/68.jpg","type":"image\/jpeg"}],"author":"Michalina","twitter_card":"summary_large_image","twitter_misc":{"Napisane przez":"Michalina","Szacowany czas czytania":"1 minuta"},"schema":{"@context":"https:\/\/schema.org","@graph":[{"@type":"WebPage","@id":"https:\/\/uwojtusianatalerzu.pl\/?p=1698","url":"https:\/\/uwojtusianatalerzu.pl\/?p=1698","name":"DLACZEGO HERBATKA Z KOPRU W\u0141OSKIEGO MO\u017bE ZASZKODZI\u0106 NASZEMU DZIECKU? - U Wojtusia na talerzu","isPartOf":{"@id":"https:\/\/uwojtusianatalerzu.pl\/#website"},"primaryImageOfPage":{"@id":"https:\/\/uwojtusianatalerzu.pl\/?p=1698#primaryimage"},"image":{"@id":"https:\/\/uwojtusianatalerzu.pl\/?p=1698#primaryimage"},"thumbnailUrl":"https:\/\/uwojtusianatalerzu.pl\/wp-content\/uploads\/2020\/10\/68.jpg","datePublished":"2020-10-13T16:57:35+00:00","dateModified":"2020-10-19T11:38:47+00:00","author":{"@id":"https:\/\/uwojtusianatalerzu.pl\/#\/schema\/person\/79e29e86eb404b8101bb20866f135de5"},"breadcrumb":{"@id":"https:\/\/uwojtusianatalerzu.pl\/?p=1698#breadcrumb"},"inLanguage":"pl-PL","potentialAction":[{"@type":"ReadAction","target":["https:\/\/uwojtusianatalerzu.pl\/?p=1698"]}]},{"@type":"ImageObject","inLanguage":"pl-PL","@id":"https:\/\/uwojtusianatalerzu.pl\/?p=1698#primaryimage","url":"https:\/\/uwojtusianatalerzu.pl\/wp-content\/uploads\/2020\/10\/68.jpg","contentUrl":"https:\/\/uwojtusianatalerzu.pl\/wp-content\/uploads\/2020\/10\/68.jpg","width":540,"height":360},{"@type":"BreadcrumbList","@id":"https:\/\/uwojtusianatalerzu.pl\/?p=1698#breadcrumb","itemListElement":[{"@type":"ListItem","position":1,"name":"Strona g\u0142\u00f3wna","item":"https:\/\/uwojtusianatalerzu.pl\/"},{"@type":"ListItem","position":2,"name":"DLACZEGO HERBATKA Z KOPRU W\u0141OSKIEGO MO\u017bE ZASZKODZI\u0106 NASZEMU DZIECKU?"}]},{"@type":"WebSite","@id":"https:\/\/uwojtusianatalerzu.pl\/#website","url":"https:\/\/uwojtusianatalerzu.pl\/","name":"U Wojtusia na talerzu","description":"U Wojtusia na talerzu to strona po\u015bwi\u0119cona \u017cywieniu dzieci od niemowlaka do starszaka","potentialAction":[{"@type":"SearchAction","target":{"@type":"EntryPoint","urlTemplate":"https:\/\/uwojtusianatalerzu.pl\/?s={search_term_string}"},"query-input":{"@type":"PropertyValueSpecification","valueRequired":true,"valueName":"search_term_string"}}],"inLanguage":"pl-PL"},{"@type":"Person","@id":"https:\/\/uwojtusianatalerzu.pl\/#\/schema\/person\/79e29e86eb404b8101bb20866f135de5","name":"Michalina","image":{"@type":"ImageObject","inLanguage":"pl-PL","@id":"https:\/\/uwojtusianatalerzu.pl\/#\/schema\/person\/image\/","url":"https:\/\/secure.gravatar.com\/avatar\/fc8dddf00a7e5b1b397e79c56fd58fb7f474bbdb447047b345a4afedc0929a7f?s=96&d=mm&r=g","contentUrl":"https:\/\/secure.gravatar.com\/avatar\/fc8dddf00a7e5b1b397e79c56fd58fb7f474bbdb447047b345a4afedc0929a7f?s=96&d=mm&r=g","caption":"Michalina"},"url":"https:\/\/uwojtusianatalerzu.pl\/?author=7"}]}},"_links":{"self":[{"href":"https:\/\/uwojtusianatalerzu.pl\/index.php?rest_route=\/wp\/v2\/posts\/1698","targetHints":{"allow":["GET"]}}],"collection":[{"href":"https:\/\/uwojtusianatalerzu.pl\/index.php?rest_route=\/wp\/v2\/posts"}],"about":[{"href":"https:\/\/uwojtusianatalerzu.pl\/index.php?rest_route=\/wp\/v2\/types\/post"}],"author":[{"embeddable":true,"href":"https:\/\/uwojtusianatalerzu.pl\/index.php?rest_route=\/wp\/v2\/users\/7"}],"replies":[{"embeddable":true,"href":"https:\/\/uwojtusianatalerzu.pl\/index.php?rest_route=%2Fwp%2Fv2%2Fcomments&post=1698"}],"version-history":[{"count":2,"href":"https:\/\/uwojtusianatalerzu.pl\/index.php?rest_route=\/wp\/v2\/posts\/1698\/revisions"}],"predecessor-version":[{"id":2490,"href":"https:\/\/uwojtusianatalerzu.pl\/index.php?rest_route=\/wp\/v2\/posts\/1698\/revisions\/2490"}],"wp:featuredmedia":[{"embeddable":true,"href":"https:\/\/uwojtusianatalerzu.pl\/index.php?rest_route=\/wp\/v2\/media\/2489"}],"wp:attachment":[{"href":"https:\/\/uwojtusianatalerzu.pl\/index.php?rest_route=%2Fwp%2Fv2%2Fmedia&parent=1698"}],"wp:term":[{"taxonomy":"category","embeddable":true,"href":"https:\/\/uwojtusianatalerzu.pl\/index.php?rest_route=%2Fwp%2Fv2%2Fcategories&post=1698"},{"taxonomy":"post_tag","embeddable":true,"href":"https:\/\/uwojtusianatalerzu.pl\/index.php?rest_route=%2Fwp%2Fv2%2Ftags&post=1698"}],"curies":[{"name":"wp","href":"https:\/\/api.w.org\/{rel}","templated":true}]}}