{"id":1609,"date":"2020-10-13T12:01:46","date_gmt":"2020-10-13T12:01:46","guid":{"rendered":"http:\/\/uwojtusianatalerzu.pl\/?p=1609"},"modified":"2020-10-15T07:06:40","modified_gmt":"2020-10-15T07:06:40","slug":"porowe-muffiny","status":"publish","type":"post","link":"https:\/\/uwojtusianatalerzu.pl\/?p=1609","title":{"rendered":"Porowe muffiny"},"content":{"rendered":"\n<hr class=\"wp-block-separator is-style-wide\"\/>\n\n\n\n<p>Pora na pora \ud83d\ude42 Porowe muffiny, muffiny z pora, zwa\u0142 jak zwa\u0142, grunt, \u017ce s\u0105 pyszne! Robi\u0105 si\u0119 b\u0142yskawicznie!<\/p>\n\n\n\n<p id=\"viewer-4d3ea\"><strong>Po 6 m (po wprowadzeniu jajek, laktozy i glutenu)<\/strong><\/p>\n\n\n\n<p id=\"viewer-1r90l\">Sk\u0142adniki na 6-7 babeczek: <\/p>\n\n\n\n<p id=\"viewer-1r90l\">\u2022 1 jajko <br>\u2022 180 g m\u0105ki pszennej <br>\u2022 100ml jogurtu naturalnego<br>\u2022 100 ml mleka <br>\u2022 p\u00f3\u0142 \u0142y\u017ceczki sody <br>\u2022 p\u00f3\u0142 \u0142y\u017ceczki proszku do pieczenia <br>\u2022 \u0142y\u017ceczka zi\u00f3\u0142 (ja da\u0142am zio\u0142a prowansalskie i bazyli\u0119) <br>\u2022 2 \u0142y\u017cki tartego sera<br>\u2022 ma\u0142y por (bia\u0142a cze\u015b\u0107) <br>\u2022 100 ml oleju<\/p>\n\n\n\n<hr class=\"wp-block-separator is-style-wide\"\/>\n\n\n\n<p>Przygotowanie:<\/p>\n\n\n\n<p id=\"viewer-9lfjg\">Jajko lekko ubi\u0107. Doda\u0107 olej, jogurt, mleko i zio\u0142a. Nast\u0119pnie doda\u0107 produkty sypkie. Ciasto powinno by\u0107 do\u015b\u0107 g\u0119ste, troch\u0119 jak \u015bmietana, wi\u0119c je\u015bli wyjdzie zbyt g\u0119ste nale\u017cy doda\u0107 mleka, a je\u015bli za rzadkie &#8211; m\u0105ki. Nast\u0119pnie doda\u0107 pokrojonego drobno pora i ser. Przela\u0107 do foremek i piec w 180 stopniach (g\u00f3ra-d\u00f3\u0142) przez 25-30 min.<\/p>\n\n\n\n<p id=\"viewer-405tc\"><a href=\"https:\/\/www.uwojtusianatalerzu.pl\/blog\/search\/.hash.por\">#por<\/a> <a href=\"https:\/\/www.uwojtusianatalerzu.pl\/blog\/search\/.hash.muffiny\">#muffiny<\/a> <a href=\"https:\/\/www.uwojtusianatalerzu.pl\/blog\/search\/.hash.porowe\">#porowe<\/a> <a href=\"https:\/\/www.uwojtusianatalerzu.pl\/blog\/search\/.hash.blw\">#blw<\/a> <a href=\"https:\/\/www.uwojtusianatalerzu.pl\/blog\/search\/.hash.blwprzepisy\">#blwprzepisy<\/a> <a href=\"https:\/\/www.uwojtusianatalerzu.pl\/blog\/search\/.hash.przepisy\">#przepisy<\/a> <a href=\"https:\/\/www.uwojtusianatalerzu.pl\/blog\/search\/.hash.rozszerzaniediety\">#rozszerzaniediety<\/a> <a href=\"https:\/\/www.uwojtusianatalerzu.pl\/blog\/search\/.hash.uwojtusianatalerzu\">#uwojtusianatalerzu<\/a><\/p>\n","protected":false},"excerpt":{"rendered":"<p>Pora na pora \ud83d\ude42 Porowe muffiny, muffiny z pora, zwa\u0142 jak zwa\u0142, grunt, \u017ce s\u0105 pyszne! Robi\u0105 si\u0119 b\u0142yskawicznie! Po 6 m&hellip;<\/p>\n","protected":false},"author":7,"featured_media":1995,"comment_status":"open","ping_status":"open","sticky":false,"template":"","format":"standard","meta":{"footnotes":""},"categories":[5,2],"tags":[],"class_list":["post-1609","post","type-post","status-publish","format-standard","has-post-thumbnail","hentry","category-sniadania","category-kolacje"],"yoast_head":"<!-- This site is optimized with the Yoast SEO plugin v25.9 - https:\/\/yoast.com\/wordpress\/plugins\/seo\/ -->\n<title>Porowe muffiny - U Wojtusia na talerzu<\/title>\n<meta name=\"robots\" content=\"index, follow, max-snippet:-1, max-image-preview:large, max-video-preview:-1\" \/>\n<link rel=\"canonical\" href=\"https:\/\/uwojtusianatalerzu.pl\/?p=1609\" \/>\n<meta property=\"og:locale\" content=\"pl_PL\" \/>\n<meta property=\"og:type\" content=\"article\" \/>\n<meta property=\"og:title\" content=\"Porowe muffiny - U Wojtusia na talerzu\" \/>\n<meta property=\"og:description\" content=\"Pora na pora \ud83d\ude42 Porowe muffiny, muffiny z pora, zwa\u0142 jak zwa\u0142, grunt, \u017ce s\u0105 pyszne! Robi\u0105 si\u0119 b\u0142yskawicznie! Po 6 m&hellip;\" \/>\n<meta property=\"og:url\" content=\"https:\/\/uwojtusianatalerzu.pl\/?p=1609\" \/>\n<meta property=\"og:site_name\" content=\"U Wojtusia na talerzu\" \/>\n<meta property=\"article:published_time\" content=\"2020-10-13T12:01:46+00:00\" \/>\n<meta property=\"article:modified_time\" content=\"2020-10-15T07:06:40+00:00\" \/>\n<meta property=\"og:image\" content=\"https:\/\/uwojtusianatalerzu.pl\/wp-content\/uploads\/2020\/10\/10-3.jpg\" \/>\n\t<meta property=\"og:image:width\" content=\"441\" \/>\n\t<meta property=\"og:image:height\" content=\"450\" \/>\n\t<meta property=\"og:image:type\" content=\"image\/jpeg\" \/>\n<meta name=\"author\" content=\"Michalina\" \/>\n<meta name=\"twitter:card\" content=\"summary_large_image\" \/>\n<meta name=\"twitter:label1\" content=\"Napisane przez\" \/>\n\t<meta name=\"twitter:data1\" content=\"Michalina\" \/>\n\t<meta name=\"twitter:label2\" content=\"Szacowany czas czytania\" \/>\n\t<meta name=\"twitter:data2\" content=\"1 minuta\" \/>\n<script type=\"application\/ld+json\" class=\"yoast-schema-graph\">{\"@context\":\"https:\/\/schema.org\",\"@graph\":[{\"@type\":\"WebPage\",\"@id\":\"https:\/\/uwojtusianatalerzu.pl\/?p=1609\",\"url\":\"https:\/\/uwojtusianatalerzu.pl\/?p=1609\",\"name\":\"Porowe muffiny - U Wojtusia na talerzu\",\"isPartOf\":{\"@id\":\"https:\/\/uwojtusianatalerzu.pl\/#website\"},\"primaryImageOfPage\":{\"@id\":\"https:\/\/uwojtusianatalerzu.pl\/?p=1609#primaryimage\"},\"image\":{\"@id\":\"https:\/\/uwojtusianatalerzu.pl\/?p=1609#primaryimage\"},\"thumbnailUrl\":\"https:\/\/uwojtusianatalerzu.pl\/wp-content\/uploads\/2020\/10\/10-3.jpg\",\"datePublished\":\"2020-10-13T12:01:46+00:00\",\"dateModified\":\"2020-10-15T07:06:40+00:00\",\"author\":{\"@id\":\"https:\/\/uwojtusianatalerzu.pl\/#\/schema\/person\/79e29e86eb404b8101bb20866f135de5\"},\"breadcrumb\":{\"@id\":\"https:\/\/uwojtusianatalerzu.pl\/?p=1609#breadcrumb\"},\"inLanguage\":\"pl-PL\",\"potentialAction\":[{\"@type\":\"ReadAction\",\"target\":[\"https:\/\/uwojtusianatalerzu.pl\/?p=1609\"]}]},{\"@type\":\"ImageObject\",\"inLanguage\":\"pl-PL\",\"@id\":\"https:\/\/uwojtusianatalerzu.pl\/?p=1609#primaryimage\",\"url\":\"https:\/\/uwojtusianatalerzu.pl\/wp-content\/uploads\/2020\/10\/10-3.jpg\",\"contentUrl\":\"https:\/\/uwojtusianatalerzu.pl\/wp-content\/uploads\/2020\/10\/10-3.jpg\",\"width\":441,\"height\":450},{\"@type\":\"BreadcrumbList\",\"@id\":\"https:\/\/uwojtusianatalerzu.pl\/?p=1609#breadcrumb\",\"itemListElement\":[{\"@type\":\"ListItem\",\"position\":1,\"name\":\"Strona g\u0142\u00f3wna\",\"item\":\"https:\/\/uwojtusianatalerzu.pl\/\"},{\"@type\":\"ListItem\",\"position\":2,\"name\":\"Porowe muffiny\"}]},{\"@type\":\"WebSite\",\"@id\":\"https:\/\/uwojtusianatalerzu.pl\/#website\",\"url\":\"https:\/\/uwojtusianatalerzu.pl\/\",\"name\":\"U Wojtusia na talerzu\",\"description\":\"U Wojtusia na talerzu to strona po\u015bwi\u0119cona \u017cywieniu dzieci od niemowlaka do starszaka\",\"potentialAction\":[{\"@type\":\"SearchAction\",\"target\":{\"@type\":\"EntryPoint\",\"urlTemplate\":\"https:\/\/uwojtusianatalerzu.pl\/?s={search_term_string}\"},\"query-input\":{\"@type\":\"PropertyValueSpecification\",\"valueRequired\":true,\"valueName\":\"search_term_string\"}}],\"inLanguage\":\"pl-PL\"},{\"@type\":\"Person\",\"@id\":\"https:\/\/uwojtusianatalerzu.pl\/#\/schema\/person\/79e29e86eb404b8101bb20866f135de5\",\"name\":\"Michalina\",\"image\":{\"@type\":\"ImageObject\",\"inLanguage\":\"pl-PL\",\"@id\":\"https:\/\/uwojtusianatalerzu.pl\/#\/schema\/person\/image\/\",\"url\":\"https:\/\/secure.gravatar.com\/avatar\/fc8dddf00a7e5b1b397e79c56fd58fb7f474bbdb447047b345a4afedc0929a7f?s=96&d=mm&r=g\",\"contentUrl\":\"https:\/\/secure.gravatar.com\/avatar\/fc8dddf00a7e5b1b397e79c56fd58fb7f474bbdb447047b345a4afedc0929a7f?s=96&d=mm&r=g\",\"caption\":\"Michalina\"},\"url\":\"https:\/\/uwojtusianatalerzu.pl\/?author=7\"}]}<\/script>\n<!-- \/ Yoast SEO plugin. -->","yoast_head_json":{"title":"Porowe muffiny - U Wojtusia na talerzu","robots":{"index":"index","follow":"follow","max-snippet":"max-snippet:-1","max-image-preview":"max-image-preview:large","max-video-preview":"max-video-preview:-1"},"canonical":"https:\/\/uwojtusianatalerzu.pl\/?p=1609","og_locale":"pl_PL","og_type":"article","og_title":"Porowe muffiny - U Wojtusia na talerzu","og_description":"Pora na pora \ud83d\ude42 Porowe muffiny, muffiny z pora, zwa\u0142 jak zwa\u0142, grunt, \u017ce s\u0105 pyszne! Robi\u0105 si\u0119 b\u0142yskawicznie! Po 6 m&hellip;","og_url":"https:\/\/uwojtusianatalerzu.pl\/?p=1609","og_site_name":"U Wojtusia na talerzu","article_published_time":"2020-10-13T12:01:46+00:00","article_modified_time":"2020-10-15T07:06:40+00:00","og_image":[{"width":441,"height":450,"url":"https:\/\/uwojtusianatalerzu.pl\/wp-content\/uploads\/2020\/10\/10-3.jpg","type":"image\/jpeg"}],"author":"Michalina","twitter_card":"summary_large_image","twitter_misc":{"Napisane przez":"Michalina","Szacowany czas czytania":"1 minuta"},"schema":{"@context":"https:\/\/schema.org","@graph":[{"@type":"WebPage","@id":"https:\/\/uwojtusianatalerzu.pl\/?p=1609","url":"https:\/\/uwojtusianatalerzu.pl\/?p=1609","name":"Porowe muffiny - U Wojtusia na talerzu","isPartOf":{"@id":"https:\/\/uwojtusianatalerzu.pl\/#website"},"primaryImageOfPage":{"@id":"https:\/\/uwojtusianatalerzu.pl\/?p=1609#primaryimage"},"image":{"@id":"https:\/\/uwojtusianatalerzu.pl\/?p=1609#primaryimage"},"thumbnailUrl":"https:\/\/uwojtusianatalerzu.pl\/wp-content\/uploads\/2020\/10\/10-3.jpg","datePublished":"2020-10-13T12:01:46+00:00","dateModified":"2020-10-15T07:06:40+00:00","author":{"@id":"https:\/\/uwojtusianatalerzu.pl\/#\/schema\/person\/79e29e86eb404b8101bb20866f135de5"},"breadcrumb":{"@id":"https:\/\/uwojtusianatalerzu.pl\/?p=1609#breadcrumb"},"inLanguage":"pl-PL","potentialAction":[{"@type":"ReadAction","target":["https:\/\/uwojtusianatalerzu.pl\/?p=1609"]}]},{"@type":"ImageObject","inLanguage":"pl-PL","@id":"https:\/\/uwojtusianatalerzu.pl\/?p=1609#primaryimage","url":"https:\/\/uwojtusianatalerzu.pl\/wp-content\/uploads\/2020\/10\/10-3.jpg","contentUrl":"https:\/\/uwojtusianatalerzu.pl\/wp-content\/uploads\/2020\/10\/10-3.jpg","width":441,"height":450},{"@type":"BreadcrumbList","@id":"https:\/\/uwojtusianatalerzu.pl\/?p=1609#breadcrumb","itemListElement":[{"@type":"ListItem","position":1,"name":"Strona g\u0142\u00f3wna","item":"https:\/\/uwojtusianatalerzu.pl\/"},{"@type":"ListItem","position":2,"name":"Porowe muffiny"}]},{"@type":"WebSite","@id":"https:\/\/uwojtusianatalerzu.pl\/#website","url":"https:\/\/uwojtusianatalerzu.pl\/","name":"U Wojtusia na talerzu","description":"U Wojtusia na talerzu to strona po\u015bwi\u0119cona \u017cywieniu dzieci od niemowlaka do starszaka","potentialAction":[{"@type":"SearchAction","target":{"@type":"EntryPoint","urlTemplate":"https:\/\/uwojtusianatalerzu.pl\/?s={search_term_string}"},"query-input":{"@type":"PropertyValueSpecification","valueRequired":true,"valueName":"search_term_string"}}],"inLanguage":"pl-PL"},{"@type":"Person","@id":"https:\/\/uwojtusianatalerzu.pl\/#\/schema\/person\/79e29e86eb404b8101bb20866f135de5","name":"Michalina","image":{"@type":"ImageObject","inLanguage":"pl-PL","@id":"https:\/\/uwojtusianatalerzu.pl\/#\/schema\/person\/image\/","url":"https:\/\/secure.gravatar.com\/avatar\/fc8dddf00a7e5b1b397e79c56fd58fb7f474bbdb447047b345a4afedc0929a7f?s=96&d=mm&r=g","contentUrl":"https:\/\/secure.gravatar.com\/avatar\/fc8dddf00a7e5b1b397e79c56fd58fb7f474bbdb447047b345a4afedc0929a7f?s=96&d=mm&r=g","caption":"Michalina"},"url":"https:\/\/uwojtusianatalerzu.pl\/?author=7"}]}},"_links":{"self":[{"href":"https:\/\/uwojtusianatalerzu.pl\/index.php?rest_route=\/wp\/v2\/posts\/1609","targetHints":{"allow":["GET"]}}],"collection":[{"href":"https:\/\/uwojtusianatalerzu.pl\/index.php?rest_route=\/wp\/v2\/posts"}],"about":[{"href":"https:\/\/uwojtusianatalerzu.pl\/index.php?rest_route=\/wp\/v2\/types\/post"}],"author":[{"embeddable":true,"href":"https:\/\/uwojtusianatalerzu.pl\/index.php?rest_route=\/wp\/v2\/users\/7"}],"replies":[{"embeddable":true,"href":"https:\/\/uwojtusianatalerzu.pl\/index.php?rest_route=%2Fwp%2Fv2%2Fcomments&post=1609"}],"version-history":[{"count":3,"href":"https:\/\/uwojtusianatalerzu.pl\/index.php?rest_route=\/wp\/v2\/posts\/1609\/revisions"}],"predecessor-version":[{"id":1997,"href":"https:\/\/uwojtusianatalerzu.pl\/index.php?rest_route=\/wp\/v2\/posts\/1609\/revisions\/1997"}],"wp:featuredmedia":[{"embeddable":true,"href":"https:\/\/uwojtusianatalerzu.pl\/index.php?rest_route=\/wp\/v2\/media\/1995"}],"wp:attachment":[{"href":"https:\/\/uwojtusianatalerzu.pl\/index.php?rest_route=%2Fwp%2Fv2%2Fmedia&parent=1609"}],"wp:term":[{"taxonomy":"category","embeddable":true,"href":"https:\/\/uwojtusianatalerzu.pl\/index.php?rest_route=%2Fwp%2Fv2%2Fcategories&post=1609"},{"taxonomy":"post_tag","embeddable":true,"href":"https:\/\/uwojtusianatalerzu.pl\/index.php?rest_route=%2Fwp%2Fv2%2Ftags&post=1609"}],"curies":[{"name":"wp","href":"https:\/\/api.w.org\/{rel}","templated":true}]}}