{"id":1577,"date":"2020-10-13T11:18:21","date_gmt":"2020-10-13T11:18:21","guid":{"rendered":"http:\/\/uwojtusianatalerzu.pl\/?p=1577"},"modified":"2021-02-28T07:57:09","modified_gmt":"2021-02-28T07:57:09","slug":"babeczki-z-chleba-tostowego","status":"publish","type":"post","link":"https:\/\/uwojtusianatalerzu.pl\/?p=1577","title":{"rendered":"Babeczki z chleba tostowego"},"content":{"rendered":"\n<hr class=\"wp-block-separator is-style-wide\"\/>\n\n\n\n<p>Pyszne muffinki z chleba tostowego. \u015aniadanie idealne! Wystarczy mie\u0107 w domu chleb tostowy, jajko i troch\u0119 dodatk\u00f3w \ud83d\ude42<\/p>\n\n\n\n<p id=\"viewer-fe14v\"><strong>Po 6 m (po wprowadzeniu laktozy, glutenu i jajek)<\/strong><\/p>\n\n\n\n<p id=\"viewer-brtpm\">Sk\u0142adniki na 5 babeczek: <\/p>\n\n\n\n<p id=\"viewer-brtpm\">\u2022 5 kromek chleba tostowego <br>\u2022 3 jajka <br>\u2022 kawa\u0142ek \u017c\u00f3\u0142tego sera lub mozzarelli <br>\u2022 kawa\u0142ek pomidora <br>\u2022 kawa\u0142ek szynki <br>\u2022 \u0142y\u017ceczka zi\u00f3\u0142 (ja da\u0142am mieszank\u0119 \u015br\u00f3dziemnomorska)<\/p>\n\n\n\n<hr class=\"wp-block-separator is-style-wide\"\/>\n\n\n\n<p>Przygotowanie:<\/p>\n\n\n\n<p>Ka\u017cd\u0105 kromk\u0119 chleba rozwa\u0142kowa\u0107 mocno wa\u0142kiem (z dw\u00f3ch stron). Kromk\u0105 wy\u0142o\u017cy\u0107 foremk\u0119 na muffiny tworz\u0105c kwiatek i docisn\u0105\u0107 j\u0105 do dna foremki. Do \u015brodka w\u0142o\u017cy\u0107 na dno do\u015b\u0107 sporo sera i docisn\u0105\u0107. Na ser po\u0142o\u017cy\u0107 pokrojon\u0105 szynk\u0119 i ser. W miseczce wymiesza\u0107 jajka z zio\u0142ami i wyla\u0107 je r\u00f3wnomiernie do \u201ekwiatk\u00f3w\u201d. Piec ok 20 min w 180 stopniach.<\/p>\n\n\n\n<hr class=\"wp-block-separator is-style-wide\"\/>\n\n\n\n<div class=\"wp-block-image\"><figure class=\"aligncenter size-large\"><img fetchpriority=\"high\" decoding=\"async\" width=\"1024\" height=\"768\" src=\"http:\/\/uwojtusianatalerzu.pl\/wp-content\/uploads\/2020\/10\/h-1024x768.jpg\" alt=\"\" class=\"wp-image-1956\" srcset=\"https:\/\/uwojtusianatalerzu.pl\/wp-content\/uploads\/2020\/10\/h-1024x768.jpg 1024w, https:\/\/uwojtusianatalerzu.pl\/wp-content\/uploads\/2020\/10\/h-300x225.jpg 300w, https:\/\/uwojtusianatalerzu.pl\/wp-content\/uploads\/2020\/10\/h-768x576.jpg 768w, https:\/\/uwojtusianatalerzu.pl\/wp-content\/uploads\/2020\/10\/h-585x439.jpg 585w, https:\/\/uwojtusianatalerzu.pl\/wp-content\/uploads\/2020\/10\/h.jpg 1110w\" sizes=\"(max-width: 1024px) 100vw, 1024px\" \/><\/figure><\/div>\n\n\n\n<div class=\"wp-block-image\"><figure class=\"aligncenter size-large\"><img decoding=\"async\" width=\"1024\" height=\"659\" src=\"http:\/\/uwojtusianatalerzu.pl\/wp-content\/uploads\/2020\/10\/g-1024x659.jpg\" alt=\"\" class=\"wp-image-1957\" srcset=\"https:\/\/uwojtusianatalerzu.pl\/wp-content\/uploads\/2020\/10\/g-1024x659.jpg 1024w, https:\/\/uwojtusianatalerzu.pl\/wp-content\/uploads\/2020\/10\/g-300x193.jpg 300w, https:\/\/uwojtusianatalerzu.pl\/wp-content\/uploads\/2020\/10\/g-768x494.jpg 768w, https:\/\/uwojtusianatalerzu.pl\/wp-content\/uploads\/2020\/10\/g-585x376.jpg 585w, https:\/\/uwojtusianatalerzu.pl\/wp-content\/uploads\/2020\/10\/g.jpg 1110w\" sizes=\"(max-width: 1024px) 100vw, 1024px\" \/><\/figure><\/div>\n\n\n\n<p><a href=\"https:\/\/www.uwojtusianatalerzu.pl\/blog\/search\/.hash.po6\">#po6<\/a><a href=\"https:\/\/www.uwojtusianatalerzu.pl\/blog\/search\/.hash.pierogi\">#m<\/a>uffiny <a href=\"https:\/\/www.uwojtusianatalerzu.pl\/blog\/search\/.hash.jajko\">#jajko<\/a><a href=\"https:\/\/www.uwojtusianatalerzu.pl\/blog\/search\/.hash.wojtusia\">#wojtusia<\/a><a href=\"https:\/\/www.uwojtusianatalerzu.pl\/blog\/search\/.hash.na\">#na<\/a><a href=\"https:\/\/www.uwojtusianatalerzu.pl\/blog\/search\/.hash.talerzu\">#talerzu<\/a><a href=\"https:\/\/www.uwojtusianatalerzu.pl\/blog\/search\/.hash.uwojtusianatalerzu\">#uwojtusianatalerzu<\/a><a href=\"https:\/\/www.uwojtusianatalerzu.pl\/blog\/search\/.hash.przepisy\">#przepisy<\/a><a href=\"https:\/\/www.uwojtusianatalerzu.pl\/blog\/search\/.hash.blw\">#blw<\/a><a href=\"https:\/\/www.uwojtusianatalerzu.pl\/blog\/search\/.hash.rozszerzanie\">#rozszerzanie<\/a><a href=\"https:\/\/www.uwojtusianatalerzu.pl\/blog\/search\/.hash.diety\">#diety<\/a><\/p>\n","protected":false},"excerpt":{"rendered":"<p>Pyszne muffinki z chleba tostowego. \u015aniadanie idealne! Wystarczy mie\u0107 w domu chleb tostowy, jajko i troch\u0119 dodatk\u00f3w \ud83d\ude42 Po 6 m (po&hellip;<\/p>\n","protected":false},"author":7,"featured_media":2660,"comment_status":"open","ping_status":"open","sticky":true,"template":"","format":"standard","meta":{"footnotes":""},"categories":[5,2],"tags":[],"class_list":["post-1577","post","type-post","status-publish","format-standard","has-post-thumbnail","hentry","category-sniadania","category-kolacje"],"yoast_head":"<!-- This site is optimized with the Yoast SEO plugin v25.9 - https:\/\/yoast.com\/wordpress\/plugins\/seo\/ -->\n<title>Babeczki z chleba tostowego - U Wojtusia na talerzu<\/title>\n<meta name=\"robots\" content=\"index, follow, max-snippet:-1, max-image-preview:large, max-video-preview:-1\" \/>\n<link rel=\"canonical\" href=\"https:\/\/uwojtusianatalerzu.pl\/?p=1577\" \/>\n<meta property=\"og:locale\" content=\"pl_PL\" \/>\n<meta property=\"og:type\" content=\"article\" \/>\n<meta property=\"og:title\" content=\"Babeczki z chleba tostowego - U Wojtusia na talerzu\" \/>\n<meta property=\"og:description\" content=\"Pyszne muffinki z chleba tostowego. \u015aniadanie idealne! Wystarczy mie\u0107 w domu chleb tostowy, jajko i troch\u0119 dodatk\u00f3w \ud83d\ude42 Po 6 m (po&hellip;\" \/>\n<meta property=\"og:url\" content=\"https:\/\/uwojtusianatalerzu.pl\/?p=1577\" \/>\n<meta property=\"og:site_name\" content=\"U Wojtusia na talerzu\" \/>\n<meta property=\"article:published_time\" content=\"2020-10-13T11:18:21+00:00\" \/>\n<meta property=\"article:modified_time\" content=\"2021-02-28T07:57:09+00:00\" \/>\n<meta property=\"og:image\" content=\"https:\/\/uwojtusianatalerzu.pl\/wp-content\/uploads\/2020\/10\/351C3F40-6CBD-4429-83CC-71D2DBC5C2AA.jpeg\" \/>\n\t<meta property=\"og:image:width\" content=\"828\" \/>\n\t<meta property=\"og:image:height\" content=\"1093\" \/>\n\t<meta property=\"og:image:type\" content=\"image\/jpeg\" \/>\n<meta name=\"author\" content=\"Michalina\" \/>\n<meta name=\"twitter:card\" content=\"summary_large_image\" \/>\n<meta name=\"twitter:label1\" content=\"Napisane przez\" \/>\n\t<meta name=\"twitter:data1\" content=\"Michalina\" \/>\n\t<meta name=\"twitter:label2\" content=\"Szacowany czas czytania\" \/>\n\t<meta name=\"twitter:data2\" content=\"1 minuta\" \/>\n<script type=\"application\/ld+json\" class=\"yoast-schema-graph\">{\"@context\":\"https:\/\/schema.org\",\"@graph\":[{\"@type\":\"WebPage\",\"@id\":\"https:\/\/uwojtusianatalerzu.pl\/?p=1577\",\"url\":\"https:\/\/uwojtusianatalerzu.pl\/?p=1577\",\"name\":\"Babeczki z chleba tostowego - U Wojtusia na talerzu\",\"isPartOf\":{\"@id\":\"https:\/\/uwojtusianatalerzu.pl\/#website\"},\"primaryImageOfPage\":{\"@id\":\"https:\/\/uwojtusianatalerzu.pl\/?p=1577#primaryimage\"},\"image\":{\"@id\":\"https:\/\/uwojtusianatalerzu.pl\/?p=1577#primaryimage\"},\"thumbnailUrl\":\"https:\/\/uwojtusianatalerzu.pl\/wp-content\/uploads\/2020\/10\/351C3F40-6CBD-4429-83CC-71D2DBC5C2AA.jpeg\",\"datePublished\":\"2020-10-13T11:18:21+00:00\",\"dateModified\":\"2021-02-28T07:57:09+00:00\",\"author\":{\"@id\":\"https:\/\/uwojtusianatalerzu.pl\/#\/schema\/person\/79e29e86eb404b8101bb20866f135de5\"},\"breadcrumb\":{\"@id\":\"https:\/\/uwojtusianatalerzu.pl\/?p=1577#breadcrumb\"},\"inLanguage\":\"pl-PL\",\"potentialAction\":[{\"@type\":\"ReadAction\",\"target\":[\"https:\/\/uwojtusianatalerzu.pl\/?p=1577\"]}]},{\"@type\":\"ImageObject\",\"inLanguage\":\"pl-PL\",\"@id\":\"https:\/\/uwojtusianatalerzu.pl\/?p=1577#primaryimage\",\"url\":\"https:\/\/uwojtusianatalerzu.pl\/wp-content\/uploads\/2020\/10\/351C3F40-6CBD-4429-83CC-71D2DBC5C2AA.jpeg\",\"contentUrl\":\"https:\/\/uwojtusianatalerzu.pl\/wp-content\/uploads\/2020\/10\/351C3F40-6CBD-4429-83CC-71D2DBC5C2AA.jpeg\",\"width\":828,\"height\":1093},{\"@type\":\"BreadcrumbList\",\"@id\":\"https:\/\/uwojtusianatalerzu.pl\/?p=1577#breadcrumb\",\"itemListElement\":[{\"@type\":\"ListItem\",\"position\":1,\"name\":\"Strona g\u0142\u00f3wna\",\"item\":\"https:\/\/uwojtusianatalerzu.pl\/\"},{\"@type\":\"ListItem\",\"position\":2,\"name\":\"Babeczki z chleba tostowego\"}]},{\"@type\":\"WebSite\",\"@id\":\"https:\/\/uwojtusianatalerzu.pl\/#website\",\"url\":\"https:\/\/uwojtusianatalerzu.pl\/\",\"name\":\"U Wojtusia na talerzu\",\"description\":\"U Wojtusia na talerzu to strona po\u015bwi\u0119cona \u017cywieniu dzieci od niemowlaka do starszaka\",\"potentialAction\":[{\"@type\":\"SearchAction\",\"target\":{\"@type\":\"EntryPoint\",\"urlTemplate\":\"https:\/\/uwojtusianatalerzu.pl\/?s={search_term_string}\"},\"query-input\":{\"@type\":\"PropertyValueSpecification\",\"valueRequired\":true,\"valueName\":\"search_term_string\"}}],\"inLanguage\":\"pl-PL\"},{\"@type\":\"Person\",\"@id\":\"https:\/\/uwojtusianatalerzu.pl\/#\/schema\/person\/79e29e86eb404b8101bb20866f135de5\",\"name\":\"Michalina\",\"image\":{\"@type\":\"ImageObject\",\"inLanguage\":\"pl-PL\",\"@id\":\"https:\/\/uwojtusianatalerzu.pl\/#\/schema\/person\/image\/\",\"url\":\"https:\/\/secure.gravatar.com\/avatar\/fc8dddf00a7e5b1b397e79c56fd58fb7f474bbdb447047b345a4afedc0929a7f?s=96&d=mm&r=g\",\"contentUrl\":\"https:\/\/secure.gravatar.com\/avatar\/fc8dddf00a7e5b1b397e79c56fd58fb7f474bbdb447047b345a4afedc0929a7f?s=96&d=mm&r=g\",\"caption\":\"Michalina\"},\"url\":\"https:\/\/uwojtusianatalerzu.pl\/?author=7\"}]}<\/script>\n<!-- \/ Yoast SEO plugin. -->","yoast_head_json":{"title":"Babeczki z chleba tostowego - U Wojtusia na talerzu","robots":{"index":"index","follow":"follow","max-snippet":"max-snippet:-1","max-image-preview":"max-image-preview:large","max-video-preview":"max-video-preview:-1"},"canonical":"https:\/\/uwojtusianatalerzu.pl\/?p=1577","og_locale":"pl_PL","og_type":"article","og_title":"Babeczki z chleba tostowego - U Wojtusia na talerzu","og_description":"Pyszne muffinki z chleba tostowego. \u015aniadanie idealne! Wystarczy mie\u0107 w domu chleb tostowy, jajko i troch\u0119 dodatk\u00f3w \ud83d\ude42 Po 6 m (po&hellip;","og_url":"https:\/\/uwojtusianatalerzu.pl\/?p=1577","og_site_name":"U Wojtusia na talerzu","article_published_time":"2020-10-13T11:18:21+00:00","article_modified_time":"2021-02-28T07:57:09+00:00","og_image":[{"width":828,"height":1093,"url":"https:\/\/uwojtusianatalerzu.pl\/wp-content\/uploads\/2020\/10\/351C3F40-6CBD-4429-83CC-71D2DBC5C2AA.jpeg","type":"image\/jpeg"}],"author":"Michalina","twitter_card":"summary_large_image","twitter_misc":{"Napisane przez":"Michalina","Szacowany czas czytania":"1 minuta"},"schema":{"@context":"https:\/\/schema.org","@graph":[{"@type":"WebPage","@id":"https:\/\/uwojtusianatalerzu.pl\/?p=1577","url":"https:\/\/uwojtusianatalerzu.pl\/?p=1577","name":"Babeczki z chleba tostowego - U Wojtusia na talerzu","isPartOf":{"@id":"https:\/\/uwojtusianatalerzu.pl\/#website"},"primaryImageOfPage":{"@id":"https:\/\/uwojtusianatalerzu.pl\/?p=1577#primaryimage"},"image":{"@id":"https:\/\/uwojtusianatalerzu.pl\/?p=1577#primaryimage"},"thumbnailUrl":"https:\/\/uwojtusianatalerzu.pl\/wp-content\/uploads\/2020\/10\/351C3F40-6CBD-4429-83CC-71D2DBC5C2AA.jpeg","datePublished":"2020-10-13T11:18:21+00:00","dateModified":"2021-02-28T07:57:09+00:00","author":{"@id":"https:\/\/uwojtusianatalerzu.pl\/#\/schema\/person\/79e29e86eb404b8101bb20866f135de5"},"breadcrumb":{"@id":"https:\/\/uwojtusianatalerzu.pl\/?p=1577#breadcrumb"},"inLanguage":"pl-PL","potentialAction":[{"@type":"ReadAction","target":["https:\/\/uwojtusianatalerzu.pl\/?p=1577"]}]},{"@type":"ImageObject","inLanguage":"pl-PL","@id":"https:\/\/uwojtusianatalerzu.pl\/?p=1577#primaryimage","url":"https:\/\/uwojtusianatalerzu.pl\/wp-content\/uploads\/2020\/10\/351C3F40-6CBD-4429-83CC-71D2DBC5C2AA.jpeg","contentUrl":"https:\/\/uwojtusianatalerzu.pl\/wp-content\/uploads\/2020\/10\/351C3F40-6CBD-4429-83CC-71D2DBC5C2AA.jpeg","width":828,"height":1093},{"@type":"BreadcrumbList","@id":"https:\/\/uwojtusianatalerzu.pl\/?p=1577#breadcrumb","itemListElement":[{"@type":"ListItem","position":1,"name":"Strona g\u0142\u00f3wna","item":"https:\/\/uwojtusianatalerzu.pl\/"},{"@type":"ListItem","position":2,"name":"Babeczki z chleba tostowego"}]},{"@type":"WebSite","@id":"https:\/\/uwojtusianatalerzu.pl\/#website","url":"https:\/\/uwojtusianatalerzu.pl\/","name":"U Wojtusia na talerzu","description":"U Wojtusia na talerzu to strona po\u015bwi\u0119cona \u017cywieniu dzieci od niemowlaka do starszaka","potentialAction":[{"@type":"SearchAction","target":{"@type":"EntryPoint","urlTemplate":"https:\/\/uwojtusianatalerzu.pl\/?s={search_term_string}"},"query-input":{"@type":"PropertyValueSpecification","valueRequired":true,"valueName":"search_term_string"}}],"inLanguage":"pl-PL"},{"@type":"Person","@id":"https:\/\/uwojtusianatalerzu.pl\/#\/schema\/person\/79e29e86eb404b8101bb20866f135de5","name":"Michalina","image":{"@type":"ImageObject","inLanguage":"pl-PL","@id":"https:\/\/uwojtusianatalerzu.pl\/#\/schema\/person\/image\/","url":"https:\/\/secure.gravatar.com\/avatar\/fc8dddf00a7e5b1b397e79c56fd58fb7f474bbdb447047b345a4afedc0929a7f?s=96&d=mm&r=g","contentUrl":"https:\/\/secure.gravatar.com\/avatar\/fc8dddf00a7e5b1b397e79c56fd58fb7f474bbdb447047b345a4afedc0929a7f?s=96&d=mm&r=g","caption":"Michalina"},"url":"https:\/\/uwojtusianatalerzu.pl\/?author=7"}]}},"_links":{"self":[{"href":"https:\/\/uwojtusianatalerzu.pl\/index.php?rest_route=\/wp\/v2\/posts\/1577","targetHints":{"allow":["GET"]}}],"collection":[{"href":"https:\/\/uwojtusianatalerzu.pl\/index.php?rest_route=\/wp\/v2\/posts"}],"about":[{"href":"https:\/\/uwojtusianatalerzu.pl\/index.php?rest_route=\/wp\/v2\/types\/post"}],"author":[{"embeddable":true,"href":"https:\/\/uwojtusianatalerzu.pl\/index.php?rest_route=\/wp\/v2\/users\/7"}],"replies":[{"embeddable":true,"href":"https:\/\/uwojtusianatalerzu.pl\/index.php?rest_route=%2Fwp%2Fv2%2Fcomments&post=1577"}],"version-history":[{"count":2,"href":"https:\/\/uwojtusianatalerzu.pl\/index.php?rest_route=\/wp\/v2\/posts\/1577\/revisions"}],"predecessor-version":[{"id":1959,"href":"https:\/\/uwojtusianatalerzu.pl\/index.php?rest_route=\/wp\/v2\/posts\/1577\/revisions\/1959"}],"wp:featuredmedia":[{"embeddable":true,"href":"https:\/\/uwojtusianatalerzu.pl\/index.php?rest_route=\/wp\/v2\/media\/2660"}],"wp:attachment":[{"href":"https:\/\/uwojtusianatalerzu.pl\/index.php?rest_route=%2Fwp%2Fv2%2Fmedia&parent=1577"}],"wp:term":[{"taxonomy":"category","embeddable":true,"href":"https:\/\/uwojtusianatalerzu.pl\/index.php?rest_route=%2Fwp%2Fv2%2Fcategories&post=1577"},{"taxonomy":"post_tag","embeddable":true,"href":"https:\/\/uwojtusianatalerzu.pl\/index.php?rest_route=%2Fwp%2Fv2%2Ftags&post=1577"}],"curies":[{"name":"wp","href":"https:\/\/api.w.org\/{rel}","templated":true}]}}