{"id":1411,"date":"2020-10-12T17:59:09","date_gmt":"2020-10-12T17:59:09","guid":{"rendered":"http:\/\/uwojtusianatalerzu.pl\/?p=1411"},"modified":"2020-10-12T17:59:11","modified_gmt":"2020-10-12T17:59:11","slug":"sniadaniowy-torcik-z-ekspandowanym-prosem","status":"publish","type":"post","link":"https:\/\/uwojtusianatalerzu.pl\/?p=1411","title":{"rendered":"\u015aniadaniowy torcik z ekspandowanym prosem"},"content":{"rendered":"\n<div class=\"wp-block-image\"><figure class=\"aligncenter size-large\"><img fetchpriority=\"high\" decoding=\"async\" width=\"540\" height=\"546\" src=\"http:\/\/uwojtusianatalerzu.pl\/wp-content\/uploads\/2020\/10\/7.jpg\" alt=\"\" class=\"wp-image-1412\" srcset=\"https:\/\/uwojtusianatalerzu.pl\/wp-content\/uploads\/2020\/10\/7.jpg 540w, https:\/\/uwojtusianatalerzu.pl\/wp-content\/uploads\/2020\/10\/7-297x300.jpg 297w\" sizes=\"(max-width: 540px) 100vw, 540px\" \/><\/figure><\/div>\n\n\n\n<hr class=\"wp-block-separator is-style-wide\"\/>\n\n\n\n<p>Po 6 m (po wprowadzeniu glutenu)<\/p>\n\n\n\n<p>Sk\u0142adniki:<\/p>\n\n\n\n<p>\u2022 70 g prosa ekspandowanego <br>\u2022 szklanka mleka ro\u015blinnego (u mnie sojowe) <br>\u2022 3 \u0142y\u017cki mas\u0142a orzechowego <br>\u2022 2-3 \u0142y\u017cki syropu daktylowego <br>\u2022 2 \u0142y\u017cki mielonego lnu lub 1 jajko<\/p>\n\n\n\n<hr class=\"wp-block-separator is-style-wide\"\/>\n\n\n\n<p>Przygotowanie:<\/p>\n\n\n\n<p id=\"viewer-eaqru\">Mleko, mas\u0142o orzechowe, syrop i len (lub jajko) po\u0142\u0105czy\u0107 w misce. Doda\u0107 p\u0142atki i wymiesza\u0107.<br>Owoce pokroi\u0107 w kostk\u0119 i po\u0142o\u017cy\u0107 na dno tortownicy (u mnie taka 20 cm). Przykry\u0107 je mas\u0105 i lekko uklepa\u0107. Piec w 190 stopniach przez 30 min.<\/p>\n\n\n\n<p id=\"viewer-61f95\">Jogurt wymiesza\u0142am z \u0142y\u017ceczk\u0105 tahini.<\/p>\n\n\n\n<p id=\"viewer-2f8jn\"><a href=\"https:\/\/www.uwojtusianatalerzu.pl\/blog\/search\/.hash.po6\">#po6<\/a><\/p>\n","protected":false},"excerpt":{"rendered":"<p>Po 6 m (po wprowadzeniu glutenu) Sk\u0142adniki: \u2022 70 g prosa ekspandowanego \u2022 szklanka mleka ro\u015blinnego (u mnie sojowe) \u2022 3 \u0142y\u017cki&hellip;<\/p>\n","protected":false},"author":7,"featured_media":0,"comment_status":"open","ping_status":"open","sticky":false,"template":"","format":"standard","meta":{"footnotes":""},"categories":[5],"tags":[],"class_list":["post-1411","post","type-post","status-publish","format-standard","hentry","category-sniadania"],"yoast_head":"<!-- This site is optimized with the Yoast SEO plugin v25.9 - https:\/\/yoast.com\/wordpress\/plugins\/seo\/ -->\n<title>\u015aniadaniowy torcik z ekspandowanym prosem - U Wojtusia na talerzu<\/title>\n<meta name=\"robots\" content=\"index, follow, max-snippet:-1, max-image-preview:large, max-video-preview:-1\" \/>\n<link rel=\"canonical\" href=\"https:\/\/uwojtusianatalerzu.pl\/?p=1411\" \/>\n<meta property=\"og:locale\" content=\"pl_PL\" \/>\n<meta property=\"og:type\" content=\"article\" \/>\n<meta property=\"og:title\" content=\"\u015aniadaniowy torcik z ekspandowanym prosem - U Wojtusia na talerzu\" \/>\n<meta property=\"og:description\" content=\"Po 6 m (po wprowadzeniu glutenu) Sk\u0142adniki: \u2022 70 g prosa ekspandowanego \u2022 szklanka mleka ro\u015blinnego (u mnie sojowe) \u2022 3 \u0142y\u017cki&hellip;\" \/>\n<meta property=\"og:url\" content=\"https:\/\/uwojtusianatalerzu.pl\/?p=1411\" \/>\n<meta property=\"og:site_name\" content=\"U Wojtusia na talerzu\" \/>\n<meta property=\"article:published_time\" content=\"2020-10-12T17:59:09+00:00\" \/>\n<meta property=\"article:modified_time\" content=\"2020-10-12T17:59:11+00:00\" \/>\n<meta property=\"og:image\" content=\"http:\/\/uwojtusianatalerzu.pl\/wp-content\/uploads\/2020\/10\/7.jpg\" \/>\n<meta name=\"author\" content=\"Michalina\" \/>\n<meta name=\"twitter:card\" content=\"summary_large_image\" \/>\n<meta name=\"twitter:label1\" content=\"Napisane przez\" \/>\n\t<meta name=\"twitter:data1\" content=\"Michalina\" \/>\n<script type=\"application\/ld+json\" class=\"yoast-schema-graph\">{\"@context\":\"https:\/\/schema.org\",\"@graph\":[{\"@type\":\"WebPage\",\"@id\":\"https:\/\/uwojtusianatalerzu.pl\/?p=1411\",\"url\":\"https:\/\/uwojtusianatalerzu.pl\/?p=1411\",\"name\":\"\u015aniadaniowy torcik z ekspandowanym prosem - U Wojtusia na talerzu\",\"isPartOf\":{\"@id\":\"https:\/\/uwojtusianatalerzu.pl\/#website\"},\"primaryImageOfPage\":{\"@id\":\"https:\/\/uwojtusianatalerzu.pl\/?p=1411#primaryimage\"},\"image\":{\"@id\":\"https:\/\/uwojtusianatalerzu.pl\/?p=1411#primaryimage\"},\"thumbnailUrl\":\"http:\/\/uwojtusianatalerzu.pl\/wp-content\/uploads\/2020\/10\/7.jpg\",\"datePublished\":\"2020-10-12T17:59:09+00:00\",\"dateModified\":\"2020-10-12T17:59:11+00:00\",\"author\":{\"@id\":\"https:\/\/uwojtusianatalerzu.pl\/#\/schema\/person\/79e29e86eb404b8101bb20866f135de5\"},\"breadcrumb\":{\"@id\":\"https:\/\/uwojtusianatalerzu.pl\/?p=1411#breadcrumb\"},\"inLanguage\":\"pl-PL\",\"potentialAction\":[{\"@type\":\"ReadAction\",\"target\":[\"https:\/\/uwojtusianatalerzu.pl\/?p=1411\"]}]},{\"@type\":\"ImageObject\",\"inLanguage\":\"pl-PL\",\"@id\":\"https:\/\/uwojtusianatalerzu.pl\/?p=1411#primaryimage\",\"url\":\"https:\/\/uwojtusianatalerzu.pl\/wp-content\/uploads\/2020\/10\/7.jpg\",\"contentUrl\":\"https:\/\/uwojtusianatalerzu.pl\/wp-content\/uploads\/2020\/10\/7.jpg\",\"width\":540,\"height\":546},{\"@type\":\"BreadcrumbList\",\"@id\":\"https:\/\/uwojtusianatalerzu.pl\/?p=1411#breadcrumb\",\"itemListElement\":[{\"@type\":\"ListItem\",\"position\":1,\"name\":\"Strona g\u0142\u00f3wna\",\"item\":\"https:\/\/uwojtusianatalerzu.pl\/\"},{\"@type\":\"ListItem\",\"position\":2,\"name\":\"\u015aniadaniowy torcik z ekspandowanym prosem\"}]},{\"@type\":\"WebSite\",\"@id\":\"https:\/\/uwojtusianatalerzu.pl\/#website\",\"url\":\"https:\/\/uwojtusianatalerzu.pl\/\",\"name\":\"U Wojtusia na talerzu\",\"description\":\"U Wojtusia na talerzu to strona po\u015bwi\u0119cona \u017cywieniu dzieci od niemowlaka do starszaka\",\"potentialAction\":[{\"@type\":\"SearchAction\",\"target\":{\"@type\":\"EntryPoint\",\"urlTemplate\":\"https:\/\/uwojtusianatalerzu.pl\/?s={search_term_string}\"},\"query-input\":{\"@type\":\"PropertyValueSpecification\",\"valueRequired\":true,\"valueName\":\"search_term_string\"}}],\"inLanguage\":\"pl-PL\"},{\"@type\":\"Person\",\"@id\":\"https:\/\/uwojtusianatalerzu.pl\/#\/schema\/person\/79e29e86eb404b8101bb20866f135de5\",\"name\":\"Michalina\",\"image\":{\"@type\":\"ImageObject\",\"inLanguage\":\"pl-PL\",\"@id\":\"https:\/\/uwojtusianatalerzu.pl\/#\/schema\/person\/image\/\",\"url\":\"https:\/\/secure.gravatar.com\/avatar\/fc8dddf00a7e5b1b397e79c56fd58fb7f474bbdb447047b345a4afedc0929a7f?s=96&d=mm&r=g\",\"contentUrl\":\"https:\/\/secure.gravatar.com\/avatar\/fc8dddf00a7e5b1b397e79c56fd58fb7f474bbdb447047b345a4afedc0929a7f?s=96&d=mm&r=g\",\"caption\":\"Michalina\"},\"url\":\"https:\/\/uwojtusianatalerzu.pl\/?author=7\"}]}<\/script>\n<!-- \/ Yoast SEO plugin. -->","yoast_head_json":{"title":"\u015aniadaniowy torcik z ekspandowanym prosem - U Wojtusia na talerzu","robots":{"index":"index","follow":"follow","max-snippet":"max-snippet:-1","max-image-preview":"max-image-preview:large","max-video-preview":"max-video-preview:-1"},"canonical":"https:\/\/uwojtusianatalerzu.pl\/?p=1411","og_locale":"pl_PL","og_type":"article","og_title":"\u015aniadaniowy torcik z ekspandowanym prosem - U Wojtusia na talerzu","og_description":"Po 6 m (po wprowadzeniu glutenu) Sk\u0142adniki: \u2022 70 g prosa ekspandowanego \u2022 szklanka mleka ro\u015blinnego (u mnie sojowe) \u2022 3 \u0142y\u017cki&hellip;","og_url":"https:\/\/uwojtusianatalerzu.pl\/?p=1411","og_site_name":"U Wojtusia na talerzu","article_published_time":"2020-10-12T17:59:09+00:00","article_modified_time":"2020-10-12T17:59:11+00:00","og_image":[{"url":"http:\/\/uwojtusianatalerzu.pl\/wp-content\/uploads\/2020\/10\/7.jpg","type":"","width":"","height":""}],"author":"Michalina","twitter_card":"summary_large_image","twitter_misc":{"Napisane przez":"Michalina"},"schema":{"@context":"https:\/\/schema.org","@graph":[{"@type":"WebPage","@id":"https:\/\/uwojtusianatalerzu.pl\/?p=1411","url":"https:\/\/uwojtusianatalerzu.pl\/?p=1411","name":"\u015aniadaniowy torcik z ekspandowanym prosem - U Wojtusia na talerzu","isPartOf":{"@id":"https:\/\/uwojtusianatalerzu.pl\/#website"},"primaryImageOfPage":{"@id":"https:\/\/uwojtusianatalerzu.pl\/?p=1411#primaryimage"},"image":{"@id":"https:\/\/uwojtusianatalerzu.pl\/?p=1411#primaryimage"},"thumbnailUrl":"http:\/\/uwojtusianatalerzu.pl\/wp-content\/uploads\/2020\/10\/7.jpg","datePublished":"2020-10-12T17:59:09+00:00","dateModified":"2020-10-12T17:59:11+00:00","author":{"@id":"https:\/\/uwojtusianatalerzu.pl\/#\/schema\/person\/79e29e86eb404b8101bb20866f135de5"},"breadcrumb":{"@id":"https:\/\/uwojtusianatalerzu.pl\/?p=1411#breadcrumb"},"inLanguage":"pl-PL","potentialAction":[{"@type":"ReadAction","target":["https:\/\/uwojtusianatalerzu.pl\/?p=1411"]}]},{"@type":"ImageObject","inLanguage":"pl-PL","@id":"https:\/\/uwojtusianatalerzu.pl\/?p=1411#primaryimage","url":"https:\/\/uwojtusianatalerzu.pl\/wp-content\/uploads\/2020\/10\/7.jpg","contentUrl":"https:\/\/uwojtusianatalerzu.pl\/wp-content\/uploads\/2020\/10\/7.jpg","width":540,"height":546},{"@type":"BreadcrumbList","@id":"https:\/\/uwojtusianatalerzu.pl\/?p=1411#breadcrumb","itemListElement":[{"@type":"ListItem","position":1,"name":"Strona g\u0142\u00f3wna","item":"https:\/\/uwojtusianatalerzu.pl\/"},{"@type":"ListItem","position":2,"name":"\u015aniadaniowy torcik z ekspandowanym prosem"}]},{"@type":"WebSite","@id":"https:\/\/uwojtusianatalerzu.pl\/#website","url":"https:\/\/uwojtusianatalerzu.pl\/","name":"U Wojtusia na talerzu","description":"U Wojtusia na talerzu to strona po\u015bwi\u0119cona \u017cywieniu dzieci od niemowlaka do starszaka","potentialAction":[{"@type":"SearchAction","target":{"@type":"EntryPoint","urlTemplate":"https:\/\/uwojtusianatalerzu.pl\/?s={search_term_string}"},"query-input":{"@type":"PropertyValueSpecification","valueRequired":true,"valueName":"search_term_string"}}],"inLanguage":"pl-PL"},{"@type":"Person","@id":"https:\/\/uwojtusianatalerzu.pl\/#\/schema\/person\/79e29e86eb404b8101bb20866f135de5","name":"Michalina","image":{"@type":"ImageObject","inLanguage":"pl-PL","@id":"https:\/\/uwojtusianatalerzu.pl\/#\/schema\/person\/image\/","url":"https:\/\/secure.gravatar.com\/avatar\/fc8dddf00a7e5b1b397e79c56fd58fb7f474bbdb447047b345a4afedc0929a7f?s=96&d=mm&r=g","contentUrl":"https:\/\/secure.gravatar.com\/avatar\/fc8dddf00a7e5b1b397e79c56fd58fb7f474bbdb447047b345a4afedc0929a7f?s=96&d=mm&r=g","caption":"Michalina"},"url":"https:\/\/uwojtusianatalerzu.pl\/?author=7"}]}},"_links":{"self":[{"href":"https:\/\/uwojtusianatalerzu.pl\/index.php?rest_route=\/wp\/v2\/posts\/1411","targetHints":{"allow":["GET"]}}],"collection":[{"href":"https:\/\/uwojtusianatalerzu.pl\/index.php?rest_route=\/wp\/v2\/posts"}],"about":[{"href":"https:\/\/uwojtusianatalerzu.pl\/index.php?rest_route=\/wp\/v2\/types\/post"}],"author":[{"embeddable":true,"href":"https:\/\/uwojtusianatalerzu.pl\/index.php?rest_route=\/wp\/v2\/users\/7"}],"replies":[{"embeddable":true,"href":"https:\/\/uwojtusianatalerzu.pl\/index.php?rest_route=%2Fwp%2Fv2%2Fcomments&post=1411"}],"version-history":[{"count":1,"href":"https:\/\/uwojtusianatalerzu.pl\/index.php?rest_route=\/wp\/v2\/posts\/1411\/revisions"}],"predecessor-version":[{"id":1413,"href":"https:\/\/uwojtusianatalerzu.pl\/index.php?rest_route=\/wp\/v2\/posts\/1411\/revisions\/1413"}],"wp:attachment":[{"href":"https:\/\/uwojtusianatalerzu.pl\/index.php?rest_route=%2Fwp%2Fv2%2Fmedia&parent=1411"}],"wp:term":[{"taxonomy":"category","embeddable":true,"href":"https:\/\/uwojtusianatalerzu.pl\/index.php?rest_route=%2Fwp%2Fv2%2Fcategories&post=1411"},{"taxonomy":"post_tag","embeddable":true,"href":"https:\/\/uwojtusianatalerzu.pl\/index.php?rest_route=%2Fwp%2Fv2%2Ftags&post=1411"}],"curies":[{"name":"wp","href":"https:\/\/api.w.org\/{rel}","templated":true}]}}