{"id":1408,"date":"2020-10-12T17:55:25","date_gmt":"2020-10-12T17:55:25","guid":{"rendered":"http:\/\/uwojtusianatalerzu.pl\/?p=1408"},"modified":"2020-10-12T17:55:26","modified_gmt":"2020-10-12T17:55:26","slug":"kakaowa-zapiekanka-z-bananem-i-awokado","status":"publish","type":"post","link":"https:\/\/uwojtusianatalerzu.pl\/?p=1408","title":{"rendered":"Kakaowa zapiekanka z bananem i awokado"},"content":{"rendered":"\n<div class=\"wp-block-image\"><figure class=\"aligncenter size-large\"><img fetchpriority=\"high\" decoding=\"async\" width=\"540\" height=\"546\" src=\"http:\/\/uwojtusianatalerzu.pl\/wp-content\/uploads\/2020\/10\/6.jpg\" alt=\"\" class=\"wp-image-1409\" srcset=\"https:\/\/uwojtusianatalerzu.pl\/wp-content\/uploads\/2020\/10\/6.jpg 540w, https:\/\/uwojtusianatalerzu.pl\/wp-content\/uploads\/2020\/10\/6-297x300.jpg 297w\" sizes=\"(max-width: 540px) 100vw, 540px\" \/><\/figure><\/div>\n\n\n\n<hr class=\"wp-block-separator is-style-wide\"\/>\n\n\n\n<p>Po 6 m. (po wprowadzeniu glutenu)<\/p>\n\n\n\n<p>Sk\u0142adniki:<\/p>\n\n\n\n<p id=\"viewer-e1mom\">\u2022 2 banany <br>\u2022 1 du\u017ce awokado<br>\u2022 3 \u0142y\u017cki mas\u0142a migda\u0142owego lub orzechowego<br>\u2022 2 \u0142y\u017cki kakao lub karobu <br>\u2022 1 \u0142y\u017cka m\u0105ki (ja da\u0142am orkiszowa) <br>\u2022 dowolne owoce (u mnie maliny i w\u0119gierki)<\/p>\n\n\n\n<hr class=\"wp-block-separator is-style-wide\"\/>\n\n\n\n<p>Przygotowanie:<\/p>\n\n\n\n<p id=\"viewer-9n0m1\">Wszystkie sk\u0142adniki, opr\u00f3cz owoc\u00f3w do posypania, zblendowa\u0107. Wyla\u0107 na p\u0142ytkie naczynie wy\u0142o\u017cone papierem (to wa\u017cne) o maksymalnej \u015brednicy 20cm. Piec ok 25-30 min w 180 stopniach. Po upieczeniu wyj\u0105\u0107 papier z zapiekanka z formy i poczeka\u0107 do ostygni\u0119cia. Zapiekanka jest do\u015b\u0107 lu\u017ana, gdy jest ciep\u0142a i po prostu ci\u0119\u017cko b\u0119dzie ja pokroi\u0107. Je\u015bli wytrzymacie, to poczekajcie, \u017ceby ostyg\u0142a. Ja pokroi\u0142am jeszcze gor\u0105c\u0105, a na talerz na\u0142o\u017cy\u0142am kawa\u0142ek dzi\u0119ki polanej zimn\u0105 wod\u0105 \u0142opatce.<\/p>\n\n\n\n<p id=\"viewer-1m4u0\">Fajne \u015bniadanko dla dzieci z alergia na bmk.<\/p>\n\n\n\n<p id=\"viewer-6ku7f\"><a href=\"https:\/\/www.uwojtusianatalerzu.pl\/blog\/search\/.hash.po6\">#po6<\/a> <a href=\"https:\/\/www.uwojtusianatalerzu.pl\/blog\/search\/.hash.bezbmk\">#bezbmk<\/a><\/p>\n","protected":false},"excerpt":{"rendered":"<p>Po 6 m. (po wprowadzeniu glutenu) Sk\u0142adniki: \u2022 2 banany \u2022 1 du\u017ce awokado\u2022 3 \u0142y\u017cki mas\u0142a migda\u0142owego lub orzechowego\u2022 2 \u0142y\u017cki&hellip;<\/p>\n","protected":false},"author":7,"featured_media":0,"comment_status":"open","ping_status":"open","sticky":false,"template":"","format":"standard","meta":{"footnotes":""},"categories":[5],"tags":[],"class_list":["post-1408","post","type-post","status-publish","format-standard","hentry","category-sniadania"],"yoast_head":"<!-- This site is optimized with the Yoast SEO plugin v25.9 - https:\/\/yoast.com\/wordpress\/plugins\/seo\/ -->\n<title>Kakaowa zapiekanka z bananem i awokado - U Wojtusia na talerzu<\/title>\n<meta name=\"robots\" content=\"index, follow, max-snippet:-1, max-image-preview:large, max-video-preview:-1\" \/>\n<link rel=\"canonical\" href=\"https:\/\/uwojtusianatalerzu.pl\/?p=1408\" \/>\n<meta property=\"og:locale\" content=\"pl_PL\" \/>\n<meta property=\"og:type\" content=\"article\" \/>\n<meta property=\"og:title\" content=\"Kakaowa zapiekanka z bananem i awokado - U Wojtusia na talerzu\" \/>\n<meta property=\"og:description\" content=\"Po 6 m. (po wprowadzeniu glutenu) Sk\u0142adniki: \u2022 2 banany \u2022 1 du\u017ce awokado\u2022 3 \u0142y\u017cki mas\u0142a migda\u0142owego lub orzechowego\u2022 2 \u0142y\u017cki&hellip;\" \/>\n<meta property=\"og:url\" content=\"https:\/\/uwojtusianatalerzu.pl\/?p=1408\" \/>\n<meta property=\"og:site_name\" content=\"U Wojtusia na talerzu\" \/>\n<meta property=\"article:published_time\" content=\"2020-10-12T17:55:25+00:00\" \/>\n<meta property=\"article:modified_time\" content=\"2020-10-12T17:55:26+00:00\" \/>\n<meta property=\"og:image\" content=\"http:\/\/uwojtusianatalerzu.pl\/wp-content\/uploads\/2020\/10\/6.jpg\" \/>\n<meta name=\"author\" content=\"Michalina\" \/>\n<meta name=\"twitter:card\" content=\"summary_large_image\" \/>\n<meta name=\"twitter:label1\" content=\"Napisane przez\" \/>\n\t<meta name=\"twitter:data1\" content=\"Michalina\" \/>\n\t<meta name=\"twitter:label2\" content=\"Szacowany czas czytania\" \/>\n\t<meta name=\"twitter:data2\" content=\"1 minuta\" \/>\n<script type=\"application\/ld+json\" class=\"yoast-schema-graph\">{\"@context\":\"https:\/\/schema.org\",\"@graph\":[{\"@type\":\"WebPage\",\"@id\":\"https:\/\/uwojtusianatalerzu.pl\/?p=1408\",\"url\":\"https:\/\/uwojtusianatalerzu.pl\/?p=1408\",\"name\":\"Kakaowa zapiekanka z bananem i awokado - U Wojtusia na talerzu\",\"isPartOf\":{\"@id\":\"https:\/\/uwojtusianatalerzu.pl\/#website\"},\"primaryImageOfPage\":{\"@id\":\"https:\/\/uwojtusianatalerzu.pl\/?p=1408#primaryimage\"},\"image\":{\"@id\":\"https:\/\/uwojtusianatalerzu.pl\/?p=1408#primaryimage\"},\"thumbnailUrl\":\"http:\/\/uwojtusianatalerzu.pl\/wp-content\/uploads\/2020\/10\/6.jpg\",\"datePublished\":\"2020-10-12T17:55:25+00:00\",\"dateModified\":\"2020-10-12T17:55:26+00:00\",\"author\":{\"@id\":\"https:\/\/uwojtusianatalerzu.pl\/#\/schema\/person\/79e29e86eb404b8101bb20866f135de5\"},\"breadcrumb\":{\"@id\":\"https:\/\/uwojtusianatalerzu.pl\/?p=1408#breadcrumb\"},\"inLanguage\":\"pl-PL\",\"potentialAction\":[{\"@type\":\"ReadAction\",\"target\":[\"https:\/\/uwojtusianatalerzu.pl\/?p=1408\"]}]},{\"@type\":\"ImageObject\",\"inLanguage\":\"pl-PL\",\"@id\":\"https:\/\/uwojtusianatalerzu.pl\/?p=1408#primaryimage\",\"url\":\"https:\/\/uwojtusianatalerzu.pl\/wp-content\/uploads\/2020\/10\/6.jpg\",\"contentUrl\":\"https:\/\/uwojtusianatalerzu.pl\/wp-content\/uploads\/2020\/10\/6.jpg\",\"width\":540,\"height\":546},{\"@type\":\"BreadcrumbList\",\"@id\":\"https:\/\/uwojtusianatalerzu.pl\/?p=1408#breadcrumb\",\"itemListElement\":[{\"@type\":\"ListItem\",\"position\":1,\"name\":\"Strona g\u0142\u00f3wna\",\"item\":\"https:\/\/uwojtusianatalerzu.pl\/\"},{\"@type\":\"ListItem\",\"position\":2,\"name\":\"Kakaowa zapiekanka z bananem i awokado\"}]},{\"@type\":\"WebSite\",\"@id\":\"https:\/\/uwojtusianatalerzu.pl\/#website\",\"url\":\"https:\/\/uwojtusianatalerzu.pl\/\",\"name\":\"U Wojtusia na talerzu\",\"description\":\"U Wojtusia na talerzu to strona po\u015bwi\u0119cona \u017cywieniu dzieci od niemowlaka do starszaka\",\"potentialAction\":[{\"@type\":\"SearchAction\",\"target\":{\"@type\":\"EntryPoint\",\"urlTemplate\":\"https:\/\/uwojtusianatalerzu.pl\/?s={search_term_string}\"},\"query-input\":{\"@type\":\"PropertyValueSpecification\",\"valueRequired\":true,\"valueName\":\"search_term_string\"}}],\"inLanguage\":\"pl-PL\"},{\"@type\":\"Person\",\"@id\":\"https:\/\/uwojtusianatalerzu.pl\/#\/schema\/person\/79e29e86eb404b8101bb20866f135de5\",\"name\":\"Michalina\",\"image\":{\"@type\":\"ImageObject\",\"inLanguage\":\"pl-PL\",\"@id\":\"https:\/\/uwojtusianatalerzu.pl\/#\/schema\/person\/image\/\",\"url\":\"https:\/\/secure.gravatar.com\/avatar\/fc8dddf00a7e5b1b397e79c56fd58fb7f474bbdb447047b345a4afedc0929a7f?s=96&d=mm&r=g\",\"contentUrl\":\"https:\/\/secure.gravatar.com\/avatar\/fc8dddf00a7e5b1b397e79c56fd58fb7f474bbdb447047b345a4afedc0929a7f?s=96&d=mm&r=g\",\"caption\":\"Michalina\"},\"url\":\"https:\/\/uwojtusianatalerzu.pl\/?author=7\"}]}<\/script>\n<!-- \/ Yoast SEO plugin. -->","yoast_head_json":{"title":"Kakaowa zapiekanka z bananem i awokado - U Wojtusia na talerzu","robots":{"index":"index","follow":"follow","max-snippet":"max-snippet:-1","max-image-preview":"max-image-preview:large","max-video-preview":"max-video-preview:-1"},"canonical":"https:\/\/uwojtusianatalerzu.pl\/?p=1408","og_locale":"pl_PL","og_type":"article","og_title":"Kakaowa zapiekanka z bananem i awokado - U Wojtusia na talerzu","og_description":"Po 6 m. (po wprowadzeniu glutenu) Sk\u0142adniki: \u2022 2 banany \u2022 1 du\u017ce awokado\u2022 3 \u0142y\u017cki mas\u0142a migda\u0142owego lub orzechowego\u2022 2 \u0142y\u017cki&hellip;","og_url":"https:\/\/uwojtusianatalerzu.pl\/?p=1408","og_site_name":"U Wojtusia na talerzu","article_published_time":"2020-10-12T17:55:25+00:00","article_modified_time":"2020-10-12T17:55:26+00:00","og_image":[{"url":"http:\/\/uwojtusianatalerzu.pl\/wp-content\/uploads\/2020\/10\/6.jpg","type":"","width":"","height":""}],"author":"Michalina","twitter_card":"summary_large_image","twitter_misc":{"Napisane przez":"Michalina","Szacowany czas czytania":"1 minuta"},"schema":{"@context":"https:\/\/schema.org","@graph":[{"@type":"WebPage","@id":"https:\/\/uwojtusianatalerzu.pl\/?p=1408","url":"https:\/\/uwojtusianatalerzu.pl\/?p=1408","name":"Kakaowa zapiekanka z bananem i awokado - U Wojtusia na talerzu","isPartOf":{"@id":"https:\/\/uwojtusianatalerzu.pl\/#website"},"primaryImageOfPage":{"@id":"https:\/\/uwojtusianatalerzu.pl\/?p=1408#primaryimage"},"image":{"@id":"https:\/\/uwojtusianatalerzu.pl\/?p=1408#primaryimage"},"thumbnailUrl":"http:\/\/uwojtusianatalerzu.pl\/wp-content\/uploads\/2020\/10\/6.jpg","datePublished":"2020-10-12T17:55:25+00:00","dateModified":"2020-10-12T17:55:26+00:00","author":{"@id":"https:\/\/uwojtusianatalerzu.pl\/#\/schema\/person\/79e29e86eb404b8101bb20866f135de5"},"breadcrumb":{"@id":"https:\/\/uwojtusianatalerzu.pl\/?p=1408#breadcrumb"},"inLanguage":"pl-PL","potentialAction":[{"@type":"ReadAction","target":["https:\/\/uwojtusianatalerzu.pl\/?p=1408"]}]},{"@type":"ImageObject","inLanguage":"pl-PL","@id":"https:\/\/uwojtusianatalerzu.pl\/?p=1408#primaryimage","url":"https:\/\/uwojtusianatalerzu.pl\/wp-content\/uploads\/2020\/10\/6.jpg","contentUrl":"https:\/\/uwojtusianatalerzu.pl\/wp-content\/uploads\/2020\/10\/6.jpg","width":540,"height":546},{"@type":"BreadcrumbList","@id":"https:\/\/uwojtusianatalerzu.pl\/?p=1408#breadcrumb","itemListElement":[{"@type":"ListItem","position":1,"name":"Strona g\u0142\u00f3wna","item":"https:\/\/uwojtusianatalerzu.pl\/"},{"@type":"ListItem","position":2,"name":"Kakaowa zapiekanka z bananem i awokado"}]},{"@type":"WebSite","@id":"https:\/\/uwojtusianatalerzu.pl\/#website","url":"https:\/\/uwojtusianatalerzu.pl\/","name":"U Wojtusia na talerzu","description":"U Wojtusia na talerzu to strona po\u015bwi\u0119cona \u017cywieniu dzieci od niemowlaka do starszaka","potentialAction":[{"@type":"SearchAction","target":{"@type":"EntryPoint","urlTemplate":"https:\/\/uwojtusianatalerzu.pl\/?s={search_term_string}"},"query-input":{"@type":"PropertyValueSpecification","valueRequired":true,"valueName":"search_term_string"}}],"inLanguage":"pl-PL"},{"@type":"Person","@id":"https:\/\/uwojtusianatalerzu.pl\/#\/schema\/person\/79e29e86eb404b8101bb20866f135de5","name":"Michalina","image":{"@type":"ImageObject","inLanguage":"pl-PL","@id":"https:\/\/uwojtusianatalerzu.pl\/#\/schema\/person\/image\/","url":"https:\/\/secure.gravatar.com\/avatar\/fc8dddf00a7e5b1b397e79c56fd58fb7f474bbdb447047b345a4afedc0929a7f?s=96&d=mm&r=g","contentUrl":"https:\/\/secure.gravatar.com\/avatar\/fc8dddf00a7e5b1b397e79c56fd58fb7f474bbdb447047b345a4afedc0929a7f?s=96&d=mm&r=g","caption":"Michalina"},"url":"https:\/\/uwojtusianatalerzu.pl\/?author=7"}]}},"_links":{"self":[{"href":"https:\/\/uwojtusianatalerzu.pl\/index.php?rest_route=\/wp\/v2\/posts\/1408","targetHints":{"allow":["GET"]}}],"collection":[{"href":"https:\/\/uwojtusianatalerzu.pl\/index.php?rest_route=\/wp\/v2\/posts"}],"about":[{"href":"https:\/\/uwojtusianatalerzu.pl\/index.php?rest_route=\/wp\/v2\/types\/post"}],"author":[{"embeddable":true,"href":"https:\/\/uwojtusianatalerzu.pl\/index.php?rest_route=\/wp\/v2\/users\/7"}],"replies":[{"embeddable":true,"href":"https:\/\/uwojtusianatalerzu.pl\/index.php?rest_route=%2Fwp%2Fv2%2Fcomments&post=1408"}],"version-history":[{"count":1,"href":"https:\/\/uwojtusianatalerzu.pl\/index.php?rest_route=\/wp\/v2\/posts\/1408\/revisions"}],"predecessor-version":[{"id":1410,"href":"https:\/\/uwojtusianatalerzu.pl\/index.php?rest_route=\/wp\/v2\/posts\/1408\/revisions\/1410"}],"wp:attachment":[{"href":"https:\/\/uwojtusianatalerzu.pl\/index.php?rest_route=%2Fwp%2Fv2%2Fmedia&parent=1408"}],"wp:term":[{"taxonomy":"category","embeddable":true,"href":"https:\/\/uwojtusianatalerzu.pl\/index.php?rest_route=%2Fwp%2Fv2%2Fcategories&post=1408"},{"taxonomy":"post_tag","embeddable":true,"href":"https:\/\/uwojtusianatalerzu.pl\/index.php?rest_route=%2Fwp%2Fv2%2Ftags&post=1408"}],"curies":[{"name":"wp","href":"https:\/\/api.w.org\/{rel}","templated":true}]}}