{"id":1405,"date":"2020-10-12T17:51:14","date_gmt":"2020-10-12T17:51:14","guid":{"rendered":"http:\/\/uwojtusianatalerzu.pl\/?p=1405"},"modified":"2020-10-12T17:51:16","modified_gmt":"2020-10-12T17:51:16","slug":"figa-z-makiem-czyli-jesienne-dyniowe-pancakes-z-makiem-figa-i-domowym-syropem-z-daktyli","status":"publish","type":"post","link":"https:\/\/uwojtusianatalerzu.pl\/?p=1405","title":{"rendered":"Figa z makiem &#8211; czyli jesienne dyniowe pancakes z makiem, figa i domowym syropem z daktyli"},"content":{"rendered":"\n<div class=\"wp-block-image\"><figure class=\"aligncenter size-large\"><img fetchpriority=\"high\" decoding=\"async\" width=\"540\" height=\"546\" src=\"http:\/\/uwojtusianatalerzu.pl\/wp-content\/uploads\/2020\/10\/5.jpg\" alt=\"\" class=\"wp-image-1406\" srcset=\"https:\/\/uwojtusianatalerzu.pl\/wp-content\/uploads\/2020\/10\/5.jpg 540w, https:\/\/uwojtusianatalerzu.pl\/wp-content\/uploads\/2020\/10\/5-297x300.jpg 297w\" sizes=\"(max-width: 540px) 100vw, 540px\" \/><\/figure><\/div>\n\n\n\n<hr class=\"wp-block-separator is-style-wide\"\/>\n\n\n\n<p>Po 6 m. (po wprowadzeniu glutenu, jajek i bmk)<\/p>\n\n\n\n<p id=\"viewer-3o62a\">Sk\u0142adniki: <\/p>\n\n\n\n<p id=\"viewer-3o62a\">\u2022 2 jajka <br>\u2022 125 ml kefiru <br>\u20221 czubata \u0142y\u017cka puree z dyni <br>\u2022 2 \u0142y\u017cki maku (wcze\u015bniej zalanego wrz\u0105tkiem)<br>\u2022 \u0142y\u017cka miodu (opcjonalnie &#8211; ja nie da\u0142am ze wzgl\u0119du na syrop daktylowy obok) &#8211; dla dzieci do 1 r.\u017c. mi\u00f3d nale\u017cy pomin\u0105\u0107 <br>\u2022 p\u00f3\u0142 \u0142y\u017ceczki proszku do pieczenia <br>\u2022 \u0142y\u017ceczka roztopionego mas\u0142a<br>\u2022 4 czubate \u0142y\u017cki maki pszennej<\/p>\n\n\n\n<p>Sk\u0142adniki na syrop daktylowy:<\/p>\n\n\n\n<p>\u2022 200g \u015bwie\u017cych daktyli <br>\u2022 1,5 szklanki wody<\/p>\n\n\n\n<hr class=\"wp-block-separator is-style-wide\"\/>\n\n\n\n<p>Przygotowanie:<\/p>\n\n\n\n<p>Pancakes &#8211; bia\u0142ka ubi\u0107. W drugiej misce wymiesza\u0107 pozosta\u0142e sk\u0142adniki, po\u0142\u0105czy\u0107 z bia\u0142kami. Masa powinna by\u0107 do\u015b\u0107 g\u0119sta. Sma\u017cy\u0107 na suchej lub lekko wysmarowanej patelni z dw\u00f3ch stron.<\/p>\n\n\n\n<p id=\"viewer-6k4nk\">Syrop daktylowy &#8211; daktyle zagotowa\u0107 w garnuszku i lekko zblendowa\u0107. \u201eMas\u0119\u201d przecedzi\u0107 przez sitko lub gaz\u0119. Je\u015bli zostan\u0105 kawa\u0142ki to mo\u017cna je jeszcze wycisn\u0105\u0107. To co przecedzili\u015bmy, przela\u0107 do garnuszka i gotowa\u0107 a\u017c zg\u0119stnieje, a woda odparuje. Syropu nie wyjdzie jako\u015b mega du\u017co, ale jest pyszny \u2764\ufe0f<\/p>\n\n\n\n<p id=\"viewer-33dpr\"><a href=\"https:\/\/www.uwojtusianatalerzu.pl\/blog\/search\/.hash.po6\">#po6<\/a> <a href=\"https:\/\/www.uwojtusianatalerzu.pl\/blog\/search\/.hash.placki\">#placki<\/a><\/p>\n","protected":false},"excerpt":{"rendered":"<p>Po 6 m. (po wprowadzeniu glutenu, jajek i bmk) Sk\u0142adniki: \u2022 2 jajka \u2022 125 ml kefiru \u20221 czubata \u0142y\u017cka puree z&hellip;<\/p>\n","protected":false},"author":7,"featured_media":0,"comment_status":"open","ping_status":"open","sticky":false,"template":"","format":"standard","meta":{"footnotes":""},"categories":[5],"tags":[],"class_list":["post-1405","post","type-post","status-publish","format-standard","hentry","category-sniadania"],"yoast_head":"<!-- This site is optimized with the Yoast SEO plugin v25.9 - https:\/\/yoast.com\/wordpress\/plugins\/seo\/ -->\n<title>Figa z makiem - czyli jesienne dyniowe pancakes z makiem, figa i domowym syropem z daktyli - U Wojtusia na talerzu<\/title>\n<meta name=\"robots\" content=\"index, follow, max-snippet:-1, max-image-preview:large, max-video-preview:-1\" \/>\n<link rel=\"canonical\" href=\"https:\/\/uwojtusianatalerzu.pl\/?p=1405\" \/>\n<meta property=\"og:locale\" content=\"pl_PL\" \/>\n<meta property=\"og:type\" content=\"article\" \/>\n<meta property=\"og:title\" content=\"Figa z makiem - czyli jesienne dyniowe pancakes z makiem, figa i domowym syropem z daktyli - U Wojtusia na talerzu\" \/>\n<meta property=\"og:description\" content=\"Po 6 m. (po wprowadzeniu glutenu, jajek i bmk) Sk\u0142adniki: \u2022 2 jajka \u2022 125 ml kefiru \u20221 czubata \u0142y\u017cka puree z&hellip;\" \/>\n<meta property=\"og:url\" content=\"https:\/\/uwojtusianatalerzu.pl\/?p=1405\" \/>\n<meta property=\"og:site_name\" content=\"U Wojtusia na talerzu\" \/>\n<meta property=\"article:published_time\" content=\"2020-10-12T17:51:14+00:00\" \/>\n<meta property=\"article:modified_time\" content=\"2020-10-12T17:51:16+00:00\" \/>\n<meta property=\"og:image\" content=\"http:\/\/uwojtusianatalerzu.pl\/wp-content\/uploads\/2020\/10\/5.jpg\" \/>\n<meta name=\"author\" content=\"Michalina\" \/>\n<meta name=\"twitter:card\" content=\"summary_large_image\" \/>\n<meta name=\"twitter:label1\" content=\"Napisane przez\" \/>\n\t<meta name=\"twitter:data1\" content=\"Michalina\" \/>\n\t<meta name=\"twitter:label2\" content=\"Szacowany czas czytania\" \/>\n\t<meta name=\"twitter:data2\" content=\"1 minuta\" \/>\n<script type=\"application\/ld+json\" class=\"yoast-schema-graph\">{\"@context\":\"https:\/\/schema.org\",\"@graph\":[{\"@type\":\"WebPage\",\"@id\":\"https:\/\/uwojtusianatalerzu.pl\/?p=1405\",\"url\":\"https:\/\/uwojtusianatalerzu.pl\/?p=1405\",\"name\":\"Figa z makiem - czyli jesienne dyniowe pancakes z makiem, figa i domowym syropem z daktyli - U Wojtusia na talerzu\",\"isPartOf\":{\"@id\":\"https:\/\/uwojtusianatalerzu.pl\/#website\"},\"primaryImageOfPage\":{\"@id\":\"https:\/\/uwojtusianatalerzu.pl\/?p=1405#primaryimage\"},\"image\":{\"@id\":\"https:\/\/uwojtusianatalerzu.pl\/?p=1405#primaryimage\"},\"thumbnailUrl\":\"http:\/\/uwojtusianatalerzu.pl\/wp-content\/uploads\/2020\/10\/5.jpg\",\"datePublished\":\"2020-10-12T17:51:14+00:00\",\"dateModified\":\"2020-10-12T17:51:16+00:00\",\"author\":{\"@id\":\"https:\/\/uwojtusianatalerzu.pl\/#\/schema\/person\/79e29e86eb404b8101bb20866f135de5\"},\"breadcrumb\":{\"@id\":\"https:\/\/uwojtusianatalerzu.pl\/?p=1405#breadcrumb\"},\"inLanguage\":\"pl-PL\",\"potentialAction\":[{\"@type\":\"ReadAction\",\"target\":[\"https:\/\/uwojtusianatalerzu.pl\/?p=1405\"]}]},{\"@type\":\"ImageObject\",\"inLanguage\":\"pl-PL\",\"@id\":\"https:\/\/uwojtusianatalerzu.pl\/?p=1405#primaryimage\",\"url\":\"https:\/\/uwojtusianatalerzu.pl\/wp-content\/uploads\/2020\/10\/5.jpg\",\"contentUrl\":\"https:\/\/uwojtusianatalerzu.pl\/wp-content\/uploads\/2020\/10\/5.jpg\",\"width\":540,\"height\":546},{\"@type\":\"BreadcrumbList\",\"@id\":\"https:\/\/uwojtusianatalerzu.pl\/?p=1405#breadcrumb\",\"itemListElement\":[{\"@type\":\"ListItem\",\"position\":1,\"name\":\"Strona g\u0142\u00f3wna\",\"item\":\"https:\/\/uwojtusianatalerzu.pl\/\"},{\"@type\":\"ListItem\",\"position\":2,\"name\":\"Figa z makiem &#8211; czyli jesienne dyniowe pancakes z makiem, figa i domowym syropem z daktyli\"}]},{\"@type\":\"WebSite\",\"@id\":\"https:\/\/uwojtusianatalerzu.pl\/#website\",\"url\":\"https:\/\/uwojtusianatalerzu.pl\/\",\"name\":\"U Wojtusia na talerzu\",\"description\":\"U Wojtusia na talerzu to strona po\u015bwi\u0119cona \u017cywieniu dzieci od niemowlaka do starszaka\",\"potentialAction\":[{\"@type\":\"SearchAction\",\"target\":{\"@type\":\"EntryPoint\",\"urlTemplate\":\"https:\/\/uwojtusianatalerzu.pl\/?s={search_term_string}\"},\"query-input\":{\"@type\":\"PropertyValueSpecification\",\"valueRequired\":true,\"valueName\":\"search_term_string\"}}],\"inLanguage\":\"pl-PL\"},{\"@type\":\"Person\",\"@id\":\"https:\/\/uwojtusianatalerzu.pl\/#\/schema\/person\/79e29e86eb404b8101bb20866f135de5\",\"name\":\"Michalina\",\"image\":{\"@type\":\"ImageObject\",\"inLanguage\":\"pl-PL\",\"@id\":\"https:\/\/uwojtusianatalerzu.pl\/#\/schema\/person\/image\/\",\"url\":\"https:\/\/secure.gravatar.com\/avatar\/fc8dddf00a7e5b1b397e79c56fd58fb7f474bbdb447047b345a4afedc0929a7f?s=96&d=mm&r=g\",\"contentUrl\":\"https:\/\/secure.gravatar.com\/avatar\/fc8dddf00a7e5b1b397e79c56fd58fb7f474bbdb447047b345a4afedc0929a7f?s=96&d=mm&r=g\",\"caption\":\"Michalina\"},\"url\":\"https:\/\/uwojtusianatalerzu.pl\/?author=7\"}]}<\/script>\n<!-- \/ Yoast SEO plugin. -->","yoast_head_json":{"title":"Figa z makiem - czyli jesienne dyniowe pancakes z makiem, figa i domowym syropem z daktyli - U Wojtusia na talerzu","robots":{"index":"index","follow":"follow","max-snippet":"max-snippet:-1","max-image-preview":"max-image-preview:large","max-video-preview":"max-video-preview:-1"},"canonical":"https:\/\/uwojtusianatalerzu.pl\/?p=1405","og_locale":"pl_PL","og_type":"article","og_title":"Figa z makiem - czyli jesienne dyniowe pancakes z makiem, figa i domowym syropem z daktyli - U Wojtusia na talerzu","og_description":"Po 6 m. (po wprowadzeniu glutenu, jajek i bmk) Sk\u0142adniki: \u2022 2 jajka \u2022 125 ml kefiru \u20221 czubata \u0142y\u017cka puree z&hellip;","og_url":"https:\/\/uwojtusianatalerzu.pl\/?p=1405","og_site_name":"U Wojtusia na talerzu","article_published_time":"2020-10-12T17:51:14+00:00","article_modified_time":"2020-10-12T17:51:16+00:00","og_image":[{"url":"http:\/\/uwojtusianatalerzu.pl\/wp-content\/uploads\/2020\/10\/5.jpg","type":"","width":"","height":""}],"author":"Michalina","twitter_card":"summary_large_image","twitter_misc":{"Napisane przez":"Michalina","Szacowany czas czytania":"1 minuta"},"schema":{"@context":"https:\/\/schema.org","@graph":[{"@type":"WebPage","@id":"https:\/\/uwojtusianatalerzu.pl\/?p=1405","url":"https:\/\/uwojtusianatalerzu.pl\/?p=1405","name":"Figa z makiem - czyli jesienne dyniowe pancakes z makiem, figa i domowym syropem z daktyli - U Wojtusia na talerzu","isPartOf":{"@id":"https:\/\/uwojtusianatalerzu.pl\/#website"},"primaryImageOfPage":{"@id":"https:\/\/uwojtusianatalerzu.pl\/?p=1405#primaryimage"},"image":{"@id":"https:\/\/uwojtusianatalerzu.pl\/?p=1405#primaryimage"},"thumbnailUrl":"http:\/\/uwojtusianatalerzu.pl\/wp-content\/uploads\/2020\/10\/5.jpg","datePublished":"2020-10-12T17:51:14+00:00","dateModified":"2020-10-12T17:51:16+00:00","author":{"@id":"https:\/\/uwojtusianatalerzu.pl\/#\/schema\/person\/79e29e86eb404b8101bb20866f135de5"},"breadcrumb":{"@id":"https:\/\/uwojtusianatalerzu.pl\/?p=1405#breadcrumb"},"inLanguage":"pl-PL","potentialAction":[{"@type":"ReadAction","target":["https:\/\/uwojtusianatalerzu.pl\/?p=1405"]}]},{"@type":"ImageObject","inLanguage":"pl-PL","@id":"https:\/\/uwojtusianatalerzu.pl\/?p=1405#primaryimage","url":"https:\/\/uwojtusianatalerzu.pl\/wp-content\/uploads\/2020\/10\/5.jpg","contentUrl":"https:\/\/uwojtusianatalerzu.pl\/wp-content\/uploads\/2020\/10\/5.jpg","width":540,"height":546},{"@type":"BreadcrumbList","@id":"https:\/\/uwojtusianatalerzu.pl\/?p=1405#breadcrumb","itemListElement":[{"@type":"ListItem","position":1,"name":"Strona g\u0142\u00f3wna","item":"https:\/\/uwojtusianatalerzu.pl\/"},{"@type":"ListItem","position":2,"name":"Figa z makiem &#8211; czyli jesienne dyniowe pancakes z makiem, figa i domowym syropem z daktyli"}]},{"@type":"WebSite","@id":"https:\/\/uwojtusianatalerzu.pl\/#website","url":"https:\/\/uwojtusianatalerzu.pl\/","name":"U Wojtusia na talerzu","description":"U Wojtusia na talerzu to strona po\u015bwi\u0119cona \u017cywieniu dzieci od niemowlaka do starszaka","potentialAction":[{"@type":"SearchAction","target":{"@type":"EntryPoint","urlTemplate":"https:\/\/uwojtusianatalerzu.pl\/?s={search_term_string}"},"query-input":{"@type":"PropertyValueSpecification","valueRequired":true,"valueName":"search_term_string"}}],"inLanguage":"pl-PL"},{"@type":"Person","@id":"https:\/\/uwojtusianatalerzu.pl\/#\/schema\/person\/79e29e86eb404b8101bb20866f135de5","name":"Michalina","image":{"@type":"ImageObject","inLanguage":"pl-PL","@id":"https:\/\/uwojtusianatalerzu.pl\/#\/schema\/person\/image\/","url":"https:\/\/secure.gravatar.com\/avatar\/fc8dddf00a7e5b1b397e79c56fd58fb7f474bbdb447047b345a4afedc0929a7f?s=96&d=mm&r=g","contentUrl":"https:\/\/secure.gravatar.com\/avatar\/fc8dddf00a7e5b1b397e79c56fd58fb7f474bbdb447047b345a4afedc0929a7f?s=96&d=mm&r=g","caption":"Michalina"},"url":"https:\/\/uwojtusianatalerzu.pl\/?author=7"}]}},"_links":{"self":[{"href":"https:\/\/uwojtusianatalerzu.pl\/index.php?rest_route=\/wp\/v2\/posts\/1405","targetHints":{"allow":["GET"]}}],"collection":[{"href":"https:\/\/uwojtusianatalerzu.pl\/index.php?rest_route=\/wp\/v2\/posts"}],"about":[{"href":"https:\/\/uwojtusianatalerzu.pl\/index.php?rest_route=\/wp\/v2\/types\/post"}],"author":[{"embeddable":true,"href":"https:\/\/uwojtusianatalerzu.pl\/index.php?rest_route=\/wp\/v2\/users\/7"}],"replies":[{"embeddable":true,"href":"https:\/\/uwojtusianatalerzu.pl\/index.php?rest_route=%2Fwp%2Fv2%2Fcomments&post=1405"}],"version-history":[{"count":1,"href":"https:\/\/uwojtusianatalerzu.pl\/index.php?rest_route=\/wp\/v2\/posts\/1405\/revisions"}],"predecessor-version":[{"id":1407,"href":"https:\/\/uwojtusianatalerzu.pl\/index.php?rest_route=\/wp\/v2\/posts\/1405\/revisions\/1407"}],"wp:attachment":[{"href":"https:\/\/uwojtusianatalerzu.pl\/index.php?rest_route=%2Fwp%2Fv2%2Fmedia&parent=1405"}],"wp:term":[{"taxonomy":"category","embeddable":true,"href":"https:\/\/uwojtusianatalerzu.pl\/index.php?rest_route=%2Fwp%2Fv2%2Fcategories&post=1405"},{"taxonomy":"post_tag","embeddable":true,"href":"https:\/\/uwojtusianatalerzu.pl\/index.php?rest_route=%2Fwp%2Fv2%2Ftags&post=1405"}],"curies":[{"name":"wp","href":"https:\/\/api.w.org\/{rel}","templated":true}]}}