{"id":1400,"date":"2020-10-12T17:42:50","date_gmt":"2020-10-12T17:42:50","guid":{"rendered":"http:\/\/uwojtusianatalerzu.pl\/?p=1400"},"modified":"2021-10-05T06:11:07","modified_gmt":"2021-10-05T06:11:07","slug":"torcik-z-kaszy-manny-z-twarogiem-i-owocami","status":"publish","type":"post","link":"https:\/\/uwojtusianatalerzu.pl\/?p=1400","title":{"rendered":"Torcik z kaszy manny z twarogiem i owocami"},"content":{"rendered":"\n<hr class=\"wp-block-separator is-style-wide\"\/>\n\n\n\n<p>Po 6 m (po wprowadzeniu glutenu, jajek i bmk)<br>Z podanych proporcji wysz\u0142o \u015bniadanie dla 3 os\u00f3b i my\u015bl\u0119, \u017ce wystarczy jeszcze po kawa\u0142ku na podwieczorek.<\/p>\n\n\n\n<p id=\"viewer-5q11f\">Sk\u0142adniki (moja szklanka ma 250 ml): <\/p>\n\n\n\n<p id=\"viewer-5q11f\">\u2022 szklanka kaszy manny<br>\u2022 szklanka mleka ro\u015blinnego lub krowiego <br>\u2022 2 \u0142y\u017cki s\u0142odzid\u0142a (u mnie syrop z daktyli) <br>\u2022 1-2 jajka <br>\u2022 odrobin\u0119 startej wanilii lub cynamonu <br>\u2022 250 g twarogu <br>\u2022 dowolne owoce<\/p>\n\n\n\n<hr class=\"wp-block-separator is-style-wide\"\/>\n\n\n\n<p>Przygotowanie:<\/p>\n\n\n\n<p id=\"viewer-2bh2\">Wszystkie sk\u0142adniki wymiesza\u0107 mikserem i wyla\u0107 na wy\u0142o\u017con\u0105 papierem tortownic\u0119 o \u015brednicy 22 &#8211; 24 cm. W masie zanurzy\u0107 dowolne owoce i posypa\u0107 jeszcze troch\u0119 na wierzch. Piec ok. 40 min w 180 stopniach (na 5 ostatnich minut w\u0142\u0105czy\u0107 termoobieg).<\/p>\n\n\n\n<p>Torcik z kaszy manny mo\u017cna upiec dzie\u0144 wcze\u015bniej i zaserwowa\u0107 na \u015bniadanie.<\/p>\n\n\n\n<p><\/p>\n\n\n\n<p id=\"viewer-53soo\"><a href=\"https:\/\/www.uwojtusianatalerzu.pl\/blog\/search\/.hash.po6\">#po6<\/a><\/p>\n","protected":false},"excerpt":{"rendered":"<p>Po 6 m (po wprowadzeniu glutenu, jajek i bmk)Z podanych proporcji wysz\u0142o \u015bniadanie dla 3 os\u00f3b i my\u015bl\u0119, \u017ce wystarczy jeszcze po&hellip;<\/p>\n","protected":false},"author":7,"featured_media":2669,"comment_status":"open","ping_status":"open","sticky":true,"template":"","format":"standard","meta":{"footnotes":""},"categories":[5],"tags":[],"class_list":["post-1400","post","type-post","status-publish","format-standard","has-post-thumbnail","hentry","category-sniadania"],"yoast_head":"<!-- This site is optimized with the Yoast SEO plugin v25.9 - https:\/\/yoast.com\/wordpress\/plugins\/seo\/ -->\n<title>Torcik z kaszy manny z twarogiem i owocami - U Wojtusia na talerzu<\/title>\n<meta name=\"robots\" content=\"index, follow, max-snippet:-1, max-image-preview:large, max-video-preview:-1\" \/>\n<link rel=\"canonical\" href=\"https:\/\/uwojtusianatalerzu.pl\/?p=1400\" \/>\n<meta property=\"og:locale\" content=\"pl_PL\" \/>\n<meta property=\"og:type\" content=\"article\" \/>\n<meta property=\"og:title\" content=\"Torcik z kaszy manny z twarogiem i owocami - U Wojtusia na talerzu\" \/>\n<meta property=\"og:description\" content=\"Po 6 m (po wprowadzeniu glutenu, jajek i bmk)Z podanych proporcji wysz\u0142o \u015bniadanie dla 3 os\u00f3b i my\u015bl\u0119, \u017ce wystarczy jeszcze po&hellip;\" \/>\n<meta property=\"og:url\" content=\"https:\/\/uwojtusianatalerzu.pl\/?p=1400\" \/>\n<meta property=\"og:site_name\" content=\"U Wojtusia na talerzu\" \/>\n<meta property=\"article:published_time\" content=\"2020-10-12T17:42:50+00:00\" \/>\n<meta property=\"article:modified_time\" content=\"2021-10-05T06:11:07+00:00\" \/>\n<meta property=\"og:image\" content=\"https:\/\/uwojtusianatalerzu.pl\/wp-content\/uploads\/2020\/10\/9AE59122-BBD8-4B08-B433-1FCF091772FD.jpeg\" \/>\n\t<meta property=\"og:image:width\" content=\"1170\" \/>\n\t<meta property=\"og:image:height\" content=\"1476\" \/>\n\t<meta property=\"og:image:type\" content=\"image\/jpeg\" \/>\n<meta name=\"author\" content=\"Michalina\" \/>\n<meta name=\"twitter:card\" content=\"summary_large_image\" \/>\n<meta name=\"twitter:label1\" content=\"Napisane przez\" \/>\n\t<meta name=\"twitter:data1\" content=\"Michalina\" \/>\n\t<meta name=\"twitter:label2\" content=\"Szacowany czas czytania\" \/>\n\t<meta name=\"twitter:data2\" content=\"1 minuta\" \/>\n<script type=\"application\/ld+json\" class=\"yoast-schema-graph\">{\"@context\":\"https:\/\/schema.org\",\"@graph\":[{\"@type\":\"WebPage\",\"@id\":\"https:\/\/uwojtusianatalerzu.pl\/?p=1400\",\"url\":\"https:\/\/uwojtusianatalerzu.pl\/?p=1400\",\"name\":\"Torcik z kaszy manny z twarogiem i owocami - U Wojtusia na talerzu\",\"isPartOf\":{\"@id\":\"https:\/\/uwojtusianatalerzu.pl\/#website\"},\"primaryImageOfPage\":{\"@id\":\"https:\/\/uwojtusianatalerzu.pl\/?p=1400#primaryimage\"},\"image\":{\"@id\":\"https:\/\/uwojtusianatalerzu.pl\/?p=1400#primaryimage\"},\"thumbnailUrl\":\"https:\/\/uwojtusianatalerzu.pl\/wp-content\/uploads\/2020\/10\/9AE59122-BBD8-4B08-B433-1FCF091772FD.jpeg\",\"datePublished\":\"2020-10-12T17:42:50+00:00\",\"dateModified\":\"2021-10-05T06:11:07+00:00\",\"author\":{\"@id\":\"https:\/\/uwojtusianatalerzu.pl\/#\/schema\/person\/79e29e86eb404b8101bb20866f135de5\"},\"breadcrumb\":{\"@id\":\"https:\/\/uwojtusianatalerzu.pl\/?p=1400#breadcrumb\"},\"inLanguage\":\"pl-PL\",\"potentialAction\":[{\"@type\":\"ReadAction\",\"target\":[\"https:\/\/uwojtusianatalerzu.pl\/?p=1400\"]}]},{\"@type\":\"ImageObject\",\"inLanguage\":\"pl-PL\",\"@id\":\"https:\/\/uwojtusianatalerzu.pl\/?p=1400#primaryimage\",\"url\":\"https:\/\/uwojtusianatalerzu.pl\/wp-content\/uploads\/2020\/10\/9AE59122-BBD8-4B08-B433-1FCF091772FD.jpeg\",\"contentUrl\":\"https:\/\/uwojtusianatalerzu.pl\/wp-content\/uploads\/2020\/10\/9AE59122-BBD8-4B08-B433-1FCF091772FD.jpeg\",\"width\":1170,\"height\":1476},{\"@type\":\"BreadcrumbList\",\"@id\":\"https:\/\/uwojtusianatalerzu.pl\/?p=1400#breadcrumb\",\"itemListElement\":[{\"@type\":\"ListItem\",\"position\":1,\"name\":\"Strona g\u0142\u00f3wna\",\"item\":\"https:\/\/uwojtusianatalerzu.pl\/\"},{\"@type\":\"ListItem\",\"position\":2,\"name\":\"Torcik z kaszy manny z twarogiem i owocami\"}]},{\"@type\":\"WebSite\",\"@id\":\"https:\/\/uwojtusianatalerzu.pl\/#website\",\"url\":\"https:\/\/uwojtusianatalerzu.pl\/\",\"name\":\"U Wojtusia na talerzu\",\"description\":\"U Wojtusia na talerzu to strona po\u015bwi\u0119cona \u017cywieniu dzieci od niemowlaka do starszaka\",\"potentialAction\":[{\"@type\":\"SearchAction\",\"target\":{\"@type\":\"EntryPoint\",\"urlTemplate\":\"https:\/\/uwojtusianatalerzu.pl\/?s={search_term_string}\"},\"query-input\":{\"@type\":\"PropertyValueSpecification\",\"valueRequired\":true,\"valueName\":\"search_term_string\"}}],\"inLanguage\":\"pl-PL\"},{\"@type\":\"Person\",\"@id\":\"https:\/\/uwojtusianatalerzu.pl\/#\/schema\/person\/79e29e86eb404b8101bb20866f135de5\",\"name\":\"Michalina\",\"image\":{\"@type\":\"ImageObject\",\"inLanguage\":\"pl-PL\",\"@id\":\"https:\/\/uwojtusianatalerzu.pl\/#\/schema\/person\/image\/\",\"url\":\"https:\/\/secure.gravatar.com\/avatar\/fc8dddf00a7e5b1b397e79c56fd58fb7f474bbdb447047b345a4afedc0929a7f?s=96&d=mm&r=g\",\"contentUrl\":\"https:\/\/secure.gravatar.com\/avatar\/fc8dddf00a7e5b1b397e79c56fd58fb7f474bbdb447047b345a4afedc0929a7f?s=96&d=mm&r=g\",\"caption\":\"Michalina\"},\"url\":\"https:\/\/uwojtusianatalerzu.pl\/?author=7\"}]}<\/script>\n<!-- \/ Yoast SEO plugin. -->","yoast_head_json":{"title":"Torcik z kaszy manny z twarogiem i owocami - U Wojtusia na talerzu","robots":{"index":"index","follow":"follow","max-snippet":"max-snippet:-1","max-image-preview":"max-image-preview:large","max-video-preview":"max-video-preview:-1"},"canonical":"https:\/\/uwojtusianatalerzu.pl\/?p=1400","og_locale":"pl_PL","og_type":"article","og_title":"Torcik z kaszy manny z twarogiem i owocami - U Wojtusia na talerzu","og_description":"Po 6 m (po wprowadzeniu glutenu, jajek i bmk)Z podanych proporcji wysz\u0142o \u015bniadanie dla 3 os\u00f3b i my\u015bl\u0119, \u017ce wystarczy jeszcze po&hellip;","og_url":"https:\/\/uwojtusianatalerzu.pl\/?p=1400","og_site_name":"U Wojtusia na talerzu","article_published_time":"2020-10-12T17:42:50+00:00","article_modified_time":"2021-10-05T06:11:07+00:00","og_image":[{"width":1170,"height":1476,"url":"https:\/\/uwojtusianatalerzu.pl\/wp-content\/uploads\/2020\/10\/9AE59122-BBD8-4B08-B433-1FCF091772FD.jpeg","type":"image\/jpeg"}],"author":"Michalina","twitter_card":"summary_large_image","twitter_misc":{"Napisane przez":"Michalina","Szacowany czas czytania":"1 minuta"},"schema":{"@context":"https:\/\/schema.org","@graph":[{"@type":"WebPage","@id":"https:\/\/uwojtusianatalerzu.pl\/?p=1400","url":"https:\/\/uwojtusianatalerzu.pl\/?p=1400","name":"Torcik z kaszy manny z twarogiem i owocami - U Wojtusia na talerzu","isPartOf":{"@id":"https:\/\/uwojtusianatalerzu.pl\/#website"},"primaryImageOfPage":{"@id":"https:\/\/uwojtusianatalerzu.pl\/?p=1400#primaryimage"},"image":{"@id":"https:\/\/uwojtusianatalerzu.pl\/?p=1400#primaryimage"},"thumbnailUrl":"https:\/\/uwojtusianatalerzu.pl\/wp-content\/uploads\/2020\/10\/9AE59122-BBD8-4B08-B433-1FCF091772FD.jpeg","datePublished":"2020-10-12T17:42:50+00:00","dateModified":"2021-10-05T06:11:07+00:00","author":{"@id":"https:\/\/uwojtusianatalerzu.pl\/#\/schema\/person\/79e29e86eb404b8101bb20866f135de5"},"breadcrumb":{"@id":"https:\/\/uwojtusianatalerzu.pl\/?p=1400#breadcrumb"},"inLanguage":"pl-PL","potentialAction":[{"@type":"ReadAction","target":["https:\/\/uwojtusianatalerzu.pl\/?p=1400"]}]},{"@type":"ImageObject","inLanguage":"pl-PL","@id":"https:\/\/uwojtusianatalerzu.pl\/?p=1400#primaryimage","url":"https:\/\/uwojtusianatalerzu.pl\/wp-content\/uploads\/2020\/10\/9AE59122-BBD8-4B08-B433-1FCF091772FD.jpeg","contentUrl":"https:\/\/uwojtusianatalerzu.pl\/wp-content\/uploads\/2020\/10\/9AE59122-BBD8-4B08-B433-1FCF091772FD.jpeg","width":1170,"height":1476},{"@type":"BreadcrumbList","@id":"https:\/\/uwojtusianatalerzu.pl\/?p=1400#breadcrumb","itemListElement":[{"@type":"ListItem","position":1,"name":"Strona g\u0142\u00f3wna","item":"https:\/\/uwojtusianatalerzu.pl\/"},{"@type":"ListItem","position":2,"name":"Torcik z kaszy manny z twarogiem i owocami"}]},{"@type":"WebSite","@id":"https:\/\/uwojtusianatalerzu.pl\/#website","url":"https:\/\/uwojtusianatalerzu.pl\/","name":"U Wojtusia na talerzu","description":"U Wojtusia na talerzu to strona po\u015bwi\u0119cona \u017cywieniu dzieci od niemowlaka do starszaka","potentialAction":[{"@type":"SearchAction","target":{"@type":"EntryPoint","urlTemplate":"https:\/\/uwojtusianatalerzu.pl\/?s={search_term_string}"},"query-input":{"@type":"PropertyValueSpecification","valueRequired":true,"valueName":"search_term_string"}}],"inLanguage":"pl-PL"},{"@type":"Person","@id":"https:\/\/uwojtusianatalerzu.pl\/#\/schema\/person\/79e29e86eb404b8101bb20866f135de5","name":"Michalina","image":{"@type":"ImageObject","inLanguage":"pl-PL","@id":"https:\/\/uwojtusianatalerzu.pl\/#\/schema\/person\/image\/","url":"https:\/\/secure.gravatar.com\/avatar\/fc8dddf00a7e5b1b397e79c56fd58fb7f474bbdb447047b345a4afedc0929a7f?s=96&d=mm&r=g","contentUrl":"https:\/\/secure.gravatar.com\/avatar\/fc8dddf00a7e5b1b397e79c56fd58fb7f474bbdb447047b345a4afedc0929a7f?s=96&d=mm&r=g","caption":"Michalina"},"url":"https:\/\/uwojtusianatalerzu.pl\/?author=7"}]}},"_links":{"self":[{"href":"https:\/\/uwojtusianatalerzu.pl\/index.php?rest_route=\/wp\/v2\/posts\/1400","targetHints":{"allow":["GET"]}}],"collection":[{"href":"https:\/\/uwojtusianatalerzu.pl\/index.php?rest_route=\/wp\/v2\/posts"}],"about":[{"href":"https:\/\/uwojtusianatalerzu.pl\/index.php?rest_route=\/wp\/v2\/types\/post"}],"author":[{"embeddable":true,"href":"https:\/\/uwojtusianatalerzu.pl\/index.php?rest_route=\/wp\/v2\/users\/7"}],"replies":[{"embeddable":true,"href":"https:\/\/uwojtusianatalerzu.pl\/index.php?rest_route=%2Fwp%2Fv2%2Fcomments&post=1400"}],"version-history":[{"count":3,"href":"https:\/\/uwojtusianatalerzu.pl\/index.php?rest_route=\/wp\/v2\/posts\/1400\/revisions"}],"predecessor-version":[{"id":2671,"href":"https:\/\/uwojtusianatalerzu.pl\/index.php?rest_route=\/wp\/v2\/posts\/1400\/revisions\/2671"}],"wp:featuredmedia":[{"embeddable":true,"href":"https:\/\/uwojtusianatalerzu.pl\/index.php?rest_route=\/wp\/v2\/media\/2669"}],"wp:attachment":[{"href":"https:\/\/uwojtusianatalerzu.pl\/index.php?rest_route=%2Fwp%2Fv2%2Fmedia&parent=1400"}],"wp:term":[{"taxonomy":"category","embeddable":true,"href":"https:\/\/uwojtusianatalerzu.pl\/index.php?rest_route=%2Fwp%2Fv2%2Fcategories&post=1400"},{"taxonomy":"post_tag","embeddable":true,"href":"https:\/\/uwojtusianatalerzu.pl\/index.php?rest_route=%2Fwp%2Fv2%2Ftags&post=1400"}],"curies":[{"name":"wp","href":"https:\/\/api.w.org\/{rel}","templated":true}]}}